{"id":12186,"date":"2024-12-18T17:03:13","date_gmt":"2024-12-18T20:03:13","guid":{"rendered":"https:\/\/prefeitura.santarosa.rs.gov.br\/?p=12186"},"modified":"2024-12-18T17:03:13","modified_gmt":"2024-12-18T20:03:13","slug":"abertura-do-natal-encantado-2024-foi-realizada-em-santa-rosa","status":"publish","type":"post","link":"https:\/\/prefeitura.santarosa.rs.gov.br\/?p=12186","title":{"rendered":"Abertura do Natal Encantado 2024 foi realizada em Santa Rosa"},"content":{"rendered":"\n<figure class=\"wp-block-image size-full\"><img fetchpriority=\"high\" decoding=\"async\" width=\"860\" height=\"645\" src=\"https:\/\/prefeitura.santarosa.rs.gov.br\/wp-content\/uploads\/2024\/12\/Formato-Site-e-Portal-860X645-JPG-17-1.jpg\" alt=\"\" class=\"wp-image-12187\" srcset=\"https:\/\/prefeitura.santarosa.rs.gov.br\/wp-content\/uploads\/2024\/12\/Formato-Site-e-Portal-860X645-JPG-17-1.jpg 860w, https:\/\/prefeitura.santarosa.rs.gov.br\/wp-content\/uploads\/2024\/12\/Formato-Site-e-Portal-860X645-JPG-17-1-300x225.jpg 300w, https:\/\/prefeitura.santarosa.rs.gov.br\/wp-content\/uploads\/2024\/12\/Formato-Site-e-Portal-860X645-JPG-17-1-768x576.jpg 768w\" sizes=\"(max-width: 860px) 100vw, 860px\" \/><\/figure>\n\n\n\n<p>Aconteceu na noite desta ter\u00e7a-feira (17), a abertura oficial do Natal Encantado Santa Rosa 2024. O evento foi realizado em frente ao Centro Cultural Prof. Fioravante Pedrazani. A atividade contou com a participa\u00e7\u00e3o da Orquestra Jovem, do Coral 24 de Julho e da Transna\u00e7\u00e3o Patina\u00e7\u00e3o. A a\u00e7\u00e3o foi organizada pela Prefeitura, por meio da Secretaria de Educa\u00e7\u00e3o e Cultura, em parceria com o Sindilojas e a Acisap. Na oportunidade, o Governo Municipal realizou a entrega da decora\u00e7\u00e3o natalina para a comunidade.<\/p>\n\n\n\n<p>O grande destaque da noite foi a chegada do Papai Noel, que foi recebido com muita alegria por todas as crian\u00e7as. O bom velhinho recebeu das autoridades a chave da cidade, atendeu os pequenos na Vila Noel, tirou fotos e distribuiu doces. O prefeito Anderson Mantei desejou um feliz Natal para todos os presentes e ressaltou que esta \u00e9 uma \u00e9poca muito significativa, de reflex\u00e3o e de estar pr\u00f3ximo das pessoas que amamos, \u201cDesejo para toda a comunidade um Feliz Natal e um pr\u00f3spero 2025 com as b\u00ean\u00e7\u00e3os de Deus. Que possamos estar mais pr\u00f3ximos dos nossos amigos, das nossas fam\u00edlias e das pessoas que amamos\u201d.<\/p>\n\n\n\n<p>Este ano, a comunidade vai poder contar com duas novidades na Via Cultural. No local, foi montado um t\u00fanel de 100 metros de LED e um espa\u00e7o gastron\u00f4mico, ambos totalmente iluminados para os visitantes prestigiarem e tirarem fotos. Ap\u00f3s a solenidade de abertura, o p\u00fablico conferiu o espet\u00e1culo &#8220;Concerto de Natal&#8221; da Orquestra Jovem Santa Rosa e do Coral Ecum\u00eanico 24 de Julho, com a intera\u00e7\u00e3o da Transna\u00e7\u00e3o Patina\u00e7\u00e3o. Durante todo o m\u00eas de dezembro, diversas atra\u00e7\u00f5es, como shows musicais, concertos e apresenta\u00e7\u00f5es, prometem muita divers\u00e3o a todos os santa-rosenses. A programa\u00e7\u00e3o do Natal Encantado Santa Rosa 2024 e os hor\u00e1rios para visita\u00e7\u00e3o na Casa do Papai Noel podem ser conferidos nas p\u00e1ginas oficiais da Prefeitura.<\/p>\n","protected":false},"excerpt":{"rendered":"<p>Aconteceu na noite desta ter\u00e7a-feira (17), a abertura oficial do Natal Encantado Santa Rosa 2024. O evento foi realizado em<\/p>\n","protected":false},"author":6,"featured_media":12188,"comment_status":"closed","ping_status":"closed","sticky":false,"template":"","format":"standard","meta":{"footnotes":""},"categories":[8,18],"tags":[],"class_list":["post-12186","post","type-post","status-publish","format-standard","has-post-thumbnail","hentry","category-noticias-fumssar","category-secretaria-municipal-de-educacao-e-cultura"],"aioseo_notices":[],"_links":{"self":[{"href":"https:\/\/prefeitura.santarosa.rs.gov.br\/index.php?rest_route=\/wp\/v2\/posts\/12186","targetHints":{"allow":["GET"]}}],"collection":[{"href":"https:\/\/prefeitura.santarosa.rs.gov.br\/index.php?rest_route=\/wp\/v2\/posts"}],"about":[{"href":"https:\/\/prefeitura.santarosa.rs.gov.br\/index.php?rest_route=\/wp\/v2\/types\/post"}],"author":[{"embeddable":true,"href":"https:\/\/prefeitura.santarosa.rs.gov.br\/index.php?rest_route=\/wp\/v2\/users\/6"}],"replies":[{"embeddable":true,"href":"https:\/\/prefeitura.santarosa.rs.gov.br\/index.php?rest_route=%2Fwp%2Fv2%2Fcomments&post=12186"}],"version-history":[{"count":1,"href":"https:\/\/prefeitura.santarosa.rs.gov.br\/index.php?rest_route=\/wp\/v2\/posts\/12186\/revisions"}],"predecessor-version":[{"id":12189,"href":"https:\/\/prefeitura.santarosa.rs.gov.br\/index.php?rest_route=\/wp\/v2\/posts\/12186\/revisions\/12189"}],"wp:featuredmedia":[{"embeddable":true,"href":"https:\/\/prefeitura.santarosa.rs.gov.br\/index.php?rest_route=\/wp\/v2\/media\/12188"}],"wp:attachment":[{"href":"https:\/\/prefeitura.santarosa.rs.gov.br\/index.php?rest_route=%2Fwp%2Fv2%2Fmedia&parent=12186"}],"wp:term":[{"taxonomy":"category","embeddable":true,"href":"https:\/\/prefeitura.santarosa.rs.gov.br\/index.php?rest_route=%2Fwp%2Fv2%2Fcategories&post=12186"},{"taxonomy":"post_tag","embeddable":true,"href":"https:\/\/prefeitura.santarosa.rs.gov.br\/index.php?rest_route=%2Fwp%2Fv2%2Ftags&post=12186"}],"curies":[{"name":"wp","href":"https:\/\/api.w.org\/{rel}","templated":true}]}}