{"id":12180,"date":"2024-12-18T16:22:26","date_gmt":"2024-12-18T19:22:26","guid":{"rendered":"https:\/\/prefeitura.santarosa.rs.gov.br\/?p=12180"},"modified":"2024-12-18T16:35:05","modified_gmt":"2024-12-18T19:35:05","slug":"prefeito-faz-anuncios-sobre-fim-de-ano-e-novos-secretarios","status":"publish","type":"post","link":"https:\/\/prefeitura.santarosa.rs.gov.br\/?p=12180","title":{"rendered":"Prefeito faz an\u00fancios sobre fim de ano e novos Secret\u00e1rios"},"content":{"rendered":"\n<figure class=\"wp-block-image size-full\"><img fetchpriority=\"high\" decoding=\"async\" width=\"860\" height=\"645\" src=\"https:\/\/prefeitura.santarosa.rs.gov.br\/wp-content\/uploads\/2024\/12\/Formato-Site-e-Portal-860X645-JPG-16-1.jpg\" alt=\"\" class=\"wp-image-12183\" srcset=\"https:\/\/prefeitura.santarosa.rs.gov.br\/wp-content\/uploads\/2024\/12\/Formato-Site-e-Portal-860X645-JPG-16-1.jpg 860w, https:\/\/prefeitura.santarosa.rs.gov.br\/wp-content\/uploads\/2024\/12\/Formato-Site-e-Portal-860X645-JPG-16-1-300x225.jpg 300w, https:\/\/prefeitura.santarosa.rs.gov.br\/wp-content\/uploads\/2024\/12\/Formato-Site-e-Portal-860X645-JPG-16-1-768x576.jpg 768w\" sizes=\"(max-width: 860px) 100vw, 860px\" \/><\/figure>\n\n\n\n<p>O Prefeito Anderson Mantei realizou a \u00faltima reuni\u00e3o dos secret\u00e1rios de 2024. Na oportunidade, ele tratou de importantes projetos e agradeceu o empenho de todos. Foram definidos os hor\u00e1rios de fim de ano, em que o atendimento ser\u00e1 no turno da manh\u00e3, nos dias 24 e 31 (todos os servi\u00e7os da prefeitura, incluindo as Unidades B\u00e1sicas de Sa\u00fade e demais servi\u00e7os da FUMSSAR). O prefeito vai tirar f\u00e9rias nos dias 26, 27 e 28 de dezembro. Durante esse per\u00edodo, o presidente da C\u00e2mara Municipal de Vereadores, Marcos Knorst (Migue), vai assumir o cargo. Anderson retorna no dia 29\/12.<\/p>\n\n\n\n<p>Nesta semana, Mantei tamb\u00e9m anunciou alguns secret\u00e1rios que devem atuar no governo a partir de 2025: Sa\u00fade, D\u00e9lcio Stefan; Comunica\u00e7\u00e3o, Lisandra Steffen; Mobilidade Urbana, Gilberto Kr\u00fcger; Obras, Valtair Dorneles; Desenvolvimento Econ\u00f4mico, Odaylson Eder; Assessor de Gabinete, Paulo Kunkel; Agricultura, Gerson Karkow; e Douglas Fronza, que vai ser mantido no Governo, mas ainda sem pasta definida.<\/p>\n","protected":false},"excerpt":{"rendered":"<p>O Prefeito Anderson Mantei realizou a \u00faltima reuni\u00e3o dos secret\u00e1rios de 2024. Na oportunidade, ele tratou de importantes projetos e<\/p>\n","protected":false},"author":6,"featured_media":12182,"comment_status":"closed","ping_status":"closed","sticky":false,"template":"","format":"standard","meta":{"footnotes":""},"categories":[4,3],"tags":[],"class_list":["post-12180","post","type-post","status-publish","format-standard","has-post-thumbnail","hentry","category-noticias","category-gabinete-do-prefeito"],"aioseo_notices":[],"_links":{"self":[{"href":"https:\/\/prefeitura.santarosa.rs.gov.br\/index.php?rest_route=\/wp\/v2\/posts\/12180","targetHints":{"allow":["GET"]}}],"collection":[{"href":"https:\/\/prefeitura.santarosa.rs.gov.br\/index.php?rest_route=\/wp\/v2\/posts"}],"about":[{"href":"https:\/\/prefeitura.santarosa.rs.gov.br\/index.php?rest_route=\/wp\/v2\/types\/post"}],"author":[{"embeddable":true,"href":"https:\/\/prefeitura.santarosa.rs.gov.br\/index.php?rest_route=\/wp\/v2\/users\/6"}],"replies":[{"embeddable":true,"href":"https:\/\/prefeitura.santarosa.rs.gov.br\/index.php?rest_route=%2Fwp%2Fv2%2Fcomments&post=12180"}],"version-history":[{"count":2,"href":"https:\/\/prefeitura.santarosa.rs.gov.br\/index.php?rest_route=\/wp\/v2\/posts\/12180\/revisions"}],"predecessor-version":[{"id":12185,"href":"https:\/\/prefeitura.santarosa.rs.gov.br\/index.php?rest_route=\/wp\/v2\/posts\/12180\/revisions\/12185"}],"wp:featuredmedia":[{"embeddable":true,"href":"https:\/\/prefeitura.santarosa.rs.gov.br\/index.php?rest_route=\/wp\/v2\/media\/12182"}],"wp:attachment":[{"href":"https:\/\/prefeitura.santarosa.rs.gov.br\/index.php?rest_route=%2Fwp%2Fv2%2Fmedia&parent=12180"}],"wp:term":[{"taxonomy":"category","embeddable":true,"href":"https:\/\/prefeitura.santarosa.rs.gov.br\/index.php?rest_route=%2Fwp%2Fv2%2Fcategories&post=12180"},{"taxonomy":"post_tag","embeddable":true,"href":"https:\/\/prefeitura.santarosa.rs.gov.br\/index.php?rest_route=%2Fwp%2Fv2%2Ftags&post=12180"}],"curies":[{"name":"wp","href":"https:\/\/api.w.org\/{rel}","templated":true}]}}