{"id":12176,"date":"2024-12-18T14:36:01","date_gmt":"2024-12-18T17:36:01","guid":{"rendered":"https:\/\/prefeitura.santarosa.rs.gov.br\/?p=12176"},"modified":"2024-12-18T14:36:01","modified_gmt":"2024-12-18T17:36:01","slug":"juiz-eduardo-busanello-recebe-titulo-de-cidadao-santa-rosense","status":"publish","type":"post","link":"https:\/\/prefeitura.santarosa.rs.gov.br\/?p=12176","title":{"rendered":"Juiz Eduardo Busanello recebe t\u00edtulo de Cidad\u00e3o Santa-rosense"},"content":{"rendered":"\n<figure class=\"wp-block-image size-full\"><img fetchpriority=\"high\" decoding=\"async\" width=\"860\" height=\"645\" src=\"https:\/\/prefeitura.santarosa.rs.gov.br\/wp-content\/uploads\/2024\/12\/Formato-Site-e-Portal-860X645-JPG-2024-12-18T142611.538.jpg\" alt=\"\" class=\"wp-image-12177\" srcset=\"https:\/\/prefeitura.santarosa.rs.gov.br\/wp-content\/uploads\/2024\/12\/Formato-Site-e-Portal-860X645-JPG-2024-12-18T142611.538.jpg 860w, https:\/\/prefeitura.santarosa.rs.gov.br\/wp-content\/uploads\/2024\/12\/Formato-Site-e-Portal-860X645-JPG-2024-12-18T142611.538-300x225.jpg 300w, https:\/\/prefeitura.santarosa.rs.gov.br\/wp-content\/uploads\/2024\/12\/Formato-Site-e-Portal-860X645-JPG-2024-12-18T142611.538-768x576.jpg 768w\" sizes=\"(max-width: 860px) 100vw, 860px\" \/><\/figure>\n\n\n\n<p>Na noite desta segunda-feira (16), a C\u00e2mara de Vereadores de Santa Rosa realizou uma Sess\u00e3o Solene para conceder o T\u00edtulo de Cidad\u00e3o Santa-rosense ao juiz de Direito Eduardo S\u00e1vio Busanello. A homenagem destacou a trajet\u00f3ria do magistrado, natural de Tucunduva, que tem se dedicado ao servi\u00e7o p\u00fablico com grande compet\u00eancia e compromisso.<\/p>\n\n\n\n<p>O prefeito Anderson Mantei esteve presente na solenidade e parabenizou o Dr. Busanello, destacando sua importante contribui\u00e7\u00e3o para a justi\u00e7a na regi\u00e3o, &#8220;A nomea\u00e7\u00e3o de Eduardo Busanello como Cidad\u00e3o Santa-rosense \u00e9 mais do que justa, pois ele tem sido um exemplo de seriedade e dedica\u00e7\u00e3o na condu\u00e7\u00e3o do seu trabalho e tamb\u00e9m no envolvimento com nossa comunidade&#8221;.<\/p>\n\n\n\n<p>Juiz desde 1997, Dr. Busanello atua na comarca de Santa Rosa desde 2008. Atualmente, ele responde pela Vara Regional Empresarial, com sede em Santa Rosa, que abrange 100 munic\u00edpios ga\u00fachos.<\/p>\n","protected":false},"excerpt":{"rendered":"<p>Na noite desta segunda-feira (16), a C\u00e2mara de Vereadores de Santa Rosa realizou uma Sess\u00e3o Solene para conceder o T\u00edtulo<\/p>\n","protected":false},"author":6,"featured_media":12178,"comment_status":"closed","ping_status":"open","sticky":false,"template":"","format":"standard","meta":{"footnotes":""},"categories":[4,3],"tags":[],"class_list":["post-12176","post","type-post","status-publish","format-standard","has-post-thumbnail","hentry","category-noticias","category-gabinete-do-prefeito"],"aioseo_notices":[],"_links":{"self":[{"href":"https:\/\/prefeitura.santarosa.rs.gov.br\/index.php?rest_route=\/wp\/v2\/posts\/12176","targetHints":{"allow":["GET"]}}],"collection":[{"href":"https:\/\/prefeitura.santarosa.rs.gov.br\/index.php?rest_route=\/wp\/v2\/posts"}],"about":[{"href":"https:\/\/prefeitura.santarosa.rs.gov.br\/index.php?rest_route=\/wp\/v2\/types\/post"}],"author":[{"embeddable":true,"href":"https:\/\/prefeitura.santarosa.rs.gov.br\/index.php?rest_route=\/wp\/v2\/users\/6"}],"replies":[{"embeddable":true,"href":"https:\/\/prefeitura.santarosa.rs.gov.br\/index.php?rest_route=%2Fwp%2Fv2%2Fcomments&post=12176"}],"version-history":[{"count":1,"href":"https:\/\/prefeitura.santarosa.rs.gov.br\/index.php?rest_route=\/wp\/v2\/posts\/12176\/revisions"}],"predecessor-version":[{"id":12179,"href":"https:\/\/prefeitura.santarosa.rs.gov.br\/index.php?rest_route=\/wp\/v2\/posts\/12176\/revisions\/12179"}],"wp:featuredmedia":[{"embeddable":true,"href":"https:\/\/prefeitura.santarosa.rs.gov.br\/index.php?rest_route=\/wp\/v2\/media\/12178"}],"wp:attachment":[{"href":"https:\/\/prefeitura.santarosa.rs.gov.br\/index.php?rest_route=%2Fwp%2Fv2%2Fmedia&parent=12176"}],"wp:term":[{"taxonomy":"category","embeddable":true,"href":"https:\/\/prefeitura.santarosa.rs.gov.br\/index.php?rest_route=%2Fwp%2Fv2%2Fcategories&post=12176"},{"taxonomy":"post_tag","embeddable":true,"href":"https:\/\/prefeitura.santarosa.rs.gov.br\/index.php?rest_route=%2Fwp%2Fv2%2Ftags&post=12176"}],"curies":[{"name":"wp","href":"https:\/\/api.w.org\/{rel}","templated":true}]}}