{"id":12171,"date":"2024-12-17T15:17:42","date_gmt":"2024-12-17T18:17:42","guid":{"rendered":"https:\/\/prefeitura.santarosa.rs.gov.br\/?p=12171"},"modified":"2024-12-17T15:18:32","modified_gmt":"2024-12-17T18:18:32","slug":"obra-da-rua-jorge-kunde-esta-em-execucao","status":"publish","type":"post","link":"https:\/\/prefeitura.santarosa.rs.gov.br\/?p=12171","title":{"rendered":"Obra da Rua Jorge Kunde est\u00e1 em execu\u00e7\u00e3o"},"content":{"rendered":"\n<figure class=\"wp-block-image size-full\"><img fetchpriority=\"high\" decoding=\"async\" width=\"860\" height=\"645\" src=\"https:\/\/prefeitura.santarosa.rs.gov.br\/wp-content\/uploads\/2024\/12\/Formato-Site-e-Portal-860X645-JPG-15-1.jpg\" alt=\"\" class=\"wp-image-12172\" srcset=\"https:\/\/prefeitura.santarosa.rs.gov.br\/wp-content\/uploads\/2024\/12\/Formato-Site-e-Portal-860X645-JPG-15-1.jpg 860w, https:\/\/prefeitura.santarosa.rs.gov.br\/wp-content\/uploads\/2024\/12\/Formato-Site-e-Portal-860X645-JPG-15-1-300x225.jpg 300w, https:\/\/prefeitura.santarosa.rs.gov.br\/wp-content\/uploads\/2024\/12\/Formato-Site-e-Portal-860X645-JPG-15-1-768x576.jpg 768w\" sizes=\"(max-width: 860px) 100vw, 860px\" \/><\/figure>\n\n\n\n<p>A pavimenta\u00e7\u00e3o asf\u00e1ltica da Rua Jorge Kunde, no bairro Central, j\u00e1 alcan\u00e7ou 55% de execu\u00e7\u00e3o do projeto. Com um investimento de mais de R$ 3 milh\u00f5es, as melhorias abrangem uma \u00e1rea de 11.003,74 metros quadrados. A obra contempla o trecho entre a Avenida Am\u00e9rica e a Avenida Perimetral, facilitando o acesso para a Avenida Expedicion\u00e1rio Weber.<\/p>\n\n\n\n<p>Com a conclus\u00e3o das etapas iniciais de abertura da via, as equipes agora est\u00e3o focadas na imprima\u00e7\u00e3o e impermeabiliza\u00e7\u00e3o do solo. Ap\u00f3s essa fase, ser\u00e1 executada a camada asf\u00e1ltica do trecho contemplado. O prefeito Anderson Mantei destaca que o projeto tem grande relev\u00e2ncia para a mobilidade urbana, &#8220;Com a execu\u00e7\u00e3o desta obra e a futura continuidade at\u00e9 a Rua 10 de Novembro, estamos criando um importante corredor de mobilidade que vai interligar importantes pontos da cidade, proporcionando mais fluidez ao tr\u00e2nsito e seguran\u00e7a para os pedestres&#8221;.<\/p>\n\n\n\n<p>Al\u00e9m da pavimenta\u00e7\u00e3o asf\u00e1ltica, o projeto inclui melhorias complementares, como a constru\u00e7\u00e3o de rampas de acessibilidade e a instala\u00e7\u00e3o de sinaliza\u00e7\u00e3o horizontal e vertical.<\/p>\n","protected":false},"excerpt":{"rendered":"<p>A pavimenta\u00e7\u00e3o asf\u00e1ltica da Rua Jorge Kunde, no bairro Central, j\u00e1 alcan\u00e7ou 55% de execu\u00e7\u00e3o do projeto. Com um investimento<\/p>\n","protected":false},"author":6,"featured_media":12173,"comment_status":"closed","ping_status":"closed","sticky":false,"template":"","format":"standard","meta":{"footnotes":""},"categories":[4,22],"tags":[],"class_list":["post-12171","post","type-post","status-publish","format-standard","has-post-thumbnail","hentry","category-noticias","category-secretaria-municipal-de-planejamento-e-habitacao"],"aioseo_notices":[],"_links":{"self":[{"href":"https:\/\/prefeitura.santarosa.rs.gov.br\/index.php?rest_route=\/wp\/v2\/posts\/12171","targetHints":{"allow":["GET"]}}],"collection":[{"href":"https:\/\/prefeitura.santarosa.rs.gov.br\/index.php?rest_route=\/wp\/v2\/posts"}],"about":[{"href":"https:\/\/prefeitura.santarosa.rs.gov.br\/index.php?rest_route=\/wp\/v2\/types\/post"}],"author":[{"embeddable":true,"href":"https:\/\/prefeitura.santarosa.rs.gov.br\/index.php?rest_route=\/wp\/v2\/users\/6"}],"replies":[{"embeddable":true,"href":"https:\/\/prefeitura.santarosa.rs.gov.br\/index.php?rest_route=%2Fwp%2Fv2%2Fcomments&post=12171"}],"version-history":[{"count":1,"href":"https:\/\/prefeitura.santarosa.rs.gov.br\/index.php?rest_route=\/wp\/v2\/posts\/12171\/revisions"}],"predecessor-version":[{"id":12174,"href":"https:\/\/prefeitura.santarosa.rs.gov.br\/index.php?rest_route=\/wp\/v2\/posts\/12171\/revisions\/12174"}],"wp:featuredmedia":[{"embeddable":true,"href":"https:\/\/prefeitura.santarosa.rs.gov.br\/index.php?rest_route=\/wp\/v2\/media\/12173"}],"wp:attachment":[{"href":"https:\/\/prefeitura.santarosa.rs.gov.br\/index.php?rest_route=%2Fwp%2Fv2%2Fmedia&parent=12171"}],"wp:term":[{"taxonomy":"category","embeddable":true,"href":"https:\/\/prefeitura.santarosa.rs.gov.br\/index.php?rest_route=%2Fwp%2Fv2%2Fcategories&post=12171"},{"taxonomy":"post_tag","embeddable":true,"href":"https:\/\/prefeitura.santarosa.rs.gov.br\/index.php?rest_route=%2Fwp%2Fv2%2Ftags&post=12171"}],"curies":[{"name":"wp","href":"https:\/\/api.w.org\/{rel}","templated":true}]}}