{"id":12164,"date":"2024-12-17T09:45:37","date_gmt":"2024-12-17T12:45:37","guid":{"rendered":"https:\/\/prefeitura.santarosa.rs.gov.br\/?p=12164"},"modified":"2024-12-17T09:45:38","modified_gmt":"2024-12-17T12:45:38","slug":"secretario-de-desenvolvimento-de-santa-rosa-e-convidado-para-falar-em-feira-de-tecnologia-na-argentina","status":"publish","type":"post","link":"https:\/\/prefeitura.santarosa.rs.gov.br\/?p=12164","title":{"rendered":"Secret\u00e1rio de Desenvolvimento de Santa Rosa \u00e9 convidado para falar em feira de tecnologia na Argentina"},"content":{"rendered":"\n<figure class=\"wp-block-image size-large\"><img fetchpriority=\"high\" decoding=\"async\" width=\"1024\" height=\"768\" src=\"https:\/\/prefeitura.santarosa.rs.gov.br\/wp-content\/uploads\/2024\/12\/Formato-Site-e-Portal-860X645-JPG-2024-12-17T093618.499-1024x768.jpg\" alt=\"\" class=\"wp-image-12165\" srcset=\"https:\/\/prefeitura.santarosa.rs.gov.br\/wp-content\/uploads\/2024\/12\/Formato-Site-e-Portal-860X645-JPG-2024-12-17T093618.499-1024x768.jpg 1024w, https:\/\/prefeitura.santarosa.rs.gov.br\/wp-content\/uploads\/2024\/12\/Formato-Site-e-Portal-860X645-JPG-2024-12-17T093618.499-300x225.jpg 300w, https:\/\/prefeitura.santarosa.rs.gov.br\/wp-content\/uploads\/2024\/12\/Formato-Site-e-Portal-860X645-JPG-2024-12-17T093618.499-768x576.jpg 768w, https:\/\/prefeitura.santarosa.rs.gov.br\/wp-content\/uploads\/2024\/12\/Formato-Site-e-Portal-860X645-JPG-2024-12-17T093618.499-1536x1151.jpg 1536w, https:\/\/prefeitura.santarosa.rs.gov.br\/wp-content\/uploads\/2024\/12\/Formato-Site-e-Portal-860X645-JPG-2024-12-17T093618.499.jpg 1613w\" sizes=\"(max-width: 1024px) 100vw, 1024px\" \/><\/figure>\n\n\n\n<p>O Secret\u00e1rio de Desenvolvimento Econ\u00f4mico, Turismo e Tecnologia de Santa Rosa, Odaylson Eder, esteve na \u00faltima semana em Posadas, na Argentina, participando como painelista da Feira Industrial Smart Tech. Odaylson foi convidado para falar sobre o tema \u201cSmart Cities: Cidades Inteligentes\u201d.<\/p>\n\n\n\n<p>A feira reuniu empresas locais, nacionais e internacionais com o objetivo de promover a ind\u00fastria 4.0, a automa\u00e7\u00e3o e o ecossistema da ind\u00fastria do conhecimento. No evento, foram apresentadas inova\u00e7\u00f5es tecnol\u00f3gicas e avan\u00e7os no desenvolvimento industrial. Diversas atividades, palestras e pain\u00e9is sobre as \u00faltimas tend\u00eancias do setor fizeram parte da programa\u00e7\u00e3o. O Secret\u00e1rio Odaylson Eder compartilhou informa\u00e7\u00f5es sobre os projetos de inova\u00e7\u00e3o implementados em Santa Rosa, al\u00e9m de apresentar iniciativas voltadas para atrair novas empresas e facilitar a vida dos empreendedores, \u201cParticipar de um evento internacional como este \u00e9 uma grande oportunidade para compartilhar as experi\u00eancias de Santa Rosa e aprender com outros locais que tamb\u00e9m est\u00e3o apostando na inova\u00e7\u00e3o e no desenvolvimento sustent\u00e1vel. As &#8216;Cidades Inteligentes&#8217; s\u00e3o o futuro, e nossa cidade tem se preparado para acompanhar essa transforma\u00e7\u00e3o\u201d, destacou Odaylson.<\/p>\n\n\n\n<p>A Feira Industrial Smart Tech 2024 foi liderada por Federico Panozzo, coordenador geral e empres\u00e1rio renomado da regi\u00e3o de Misiones, dono da ind\u00fastria Campo San Isidro.<\/p>\n","protected":false},"excerpt":{"rendered":"<p>O Secret\u00e1rio de Desenvolvimento Econ\u00f4mico, Turismo e Tecnologia de Santa Rosa, Odaylson Eder, esteve na \u00faltima semana em Posadas, na<\/p>\n","protected":false},"author":6,"featured_media":12166,"comment_status":"closed","ping_status":"open","sticky":false,"template":"","format":"standard","meta":{"footnotes":""},"categories":[4,16],"tags":[],"class_list":["post-12164","post","type-post","status-publish","format-standard","has-post-thumbnail","hentry","category-noticias","category-secretaria-municipal-de-desenvolvimento-economico-turismo-e-tecnologia"],"aioseo_notices":[],"_links":{"self":[{"href":"https:\/\/prefeitura.santarosa.rs.gov.br\/index.php?rest_route=\/wp\/v2\/posts\/12164","targetHints":{"allow":["GET"]}}],"collection":[{"href":"https:\/\/prefeitura.santarosa.rs.gov.br\/index.php?rest_route=\/wp\/v2\/posts"}],"about":[{"href":"https:\/\/prefeitura.santarosa.rs.gov.br\/index.php?rest_route=\/wp\/v2\/types\/post"}],"author":[{"embeddable":true,"href":"https:\/\/prefeitura.santarosa.rs.gov.br\/index.php?rest_route=\/wp\/v2\/users\/6"}],"replies":[{"embeddable":true,"href":"https:\/\/prefeitura.santarosa.rs.gov.br\/index.php?rest_route=%2Fwp%2Fv2%2Fcomments&post=12164"}],"version-history":[{"count":1,"href":"https:\/\/prefeitura.santarosa.rs.gov.br\/index.php?rest_route=\/wp\/v2\/posts\/12164\/revisions"}],"predecessor-version":[{"id":12167,"href":"https:\/\/prefeitura.santarosa.rs.gov.br\/index.php?rest_route=\/wp\/v2\/posts\/12164\/revisions\/12167"}],"wp:featuredmedia":[{"embeddable":true,"href":"https:\/\/prefeitura.santarosa.rs.gov.br\/index.php?rest_route=\/wp\/v2\/media\/12166"}],"wp:attachment":[{"href":"https:\/\/prefeitura.santarosa.rs.gov.br\/index.php?rest_route=%2Fwp%2Fv2%2Fmedia&parent=12164"}],"wp:term":[{"taxonomy":"category","embeddable":true,"href":"https:\/\/prefeitura.santarosa.rs.gov.br\/index.php?rest_route=%2Fwp%2Fv2%2Fcategories&post=12164"},{"taxonomy":"post_tag","embeddable":true,"href":"https:\/\/prefeitura.santarosa.rs.gov.br\/index.php?rest_route=%2Fwp%2Fv2%2Ftags&post=12164"}],"curies":[{"name":"wp","href":"https:\/\/api.w.org\/{rel}","templated":true}]}}