{"id":12159,"date":"2024-12-16T17:23:33","date_gmt":"2024-12-16T20:23:33","guid":{"rendered":"https:\/\/prefeitura.santarosa.rs.gov.br\/?p=12159"},"modified":"2024-12-16T17:23:33","modified_gmt":"2024-12-16T20:23:33","slug":"prefeitura-de-taquari-homenageia-santa-rosa","status":"publish","type":"post","link":"https:\/\/prefeitura.santarosa.rs.gov.br\/?p=12159","title":{"rendered":"Prefeitura de Taquari homenageia Santa Rosa"},"content":{"rendered":"\n<figure class=\"wp-block-image size-full\"><img fetchpriority=\"high\" decoding=\"async\" width=\"860\" height=\"645\" src=\"https:\/\/prefeitura.santarosa.rs.gov.br\/wp-content\/uploads\/2024\/12\/Formato-Site-e-Portal-860X645-JPG-14-1.jpg\" alt=\"\" class=\"wp-image-12161\" srcset=\"https:\/\/prefeitura.santarosa.rs.gov.br\/wp-content\/uploads\/2024\/12\/Formato-Site-e-Portal-860X645-JPG-14-1.jpg 860w, https:\/\/prefeitura.santarosa.rs.gov.br\/wp-content\/uploads\/2024\/12\/Formato-Site-e-Portal-860X645-JPG-14-1-300x225.jpg 300w, https:\/\/prefeitura.santarosa.rs.gov.br\/wp-content\/uploads\/2024\/12\/Formato-Site-e-Portal-860X645-JPG-14-1-768x576.jpg 768w\" sizes=\"(max-width: 860px) 100vw, 860px\" \/><\/figure>\n\n\n\n<p>Na noite deste domingo (15), Santa Rosa recebeu uma homenagem da Prefeitura de Taquari. O vice-prefeito Aldemir Ulrich representou o munic\u00edpio na solenidade realizada na C\u00e2mara de Vereadores da cidade. Na oportunidade, autoridades taquarienses expressaram sua gratid\u00e3o ao munic\u00edpio de Santa Rosa pela solidariedade e pelo trabalho volunt\u00e1rio prestado durante a enchente de maio de 2024.<\/p>\n\n\n\n<p>Santa Rosa adotou Taquari ap\u00f3s a trag\u00e9dia clim\u00e1tica que afetou todo o Rio Grande do Sul. Diversas doa\u00e7\u00f5es e equipes de volunt\u00e1rios do munic\u00edpio auxiliaram na reconstru\u00e7\u00e3o da cidade. Aldemir Ulrich, natural de Taquari, emocionado, falou sobre o sentimento de gratid\u00e3o por poder, em nome do munic\u00edpio de Santa Rosa, receber a homenagem e destacou a import\u00e2ncia da uni\u00e3o entre os dois munic\u00edpios, &#8220;\u00c9 um orgulho imenso estar aqui neste momento t\u00e3o significativo, representando a comunidade de Santa Rosa, que se uniu em prol de Taquari. Ap\u00f3s momentos t\u00e3o dif\u00edceis enfrentados pelos taquarienses, nossa ajuda de Santa Rosa p\u00f4de auxiliar na reconstru\u00e7\u00e3o dessa cidade, que hoje \u00e9 nossa cidade-irm\u00e3. Estamos sempre \u00e0 disposi\u00e7\u00e3o de Taquari e queremos fortalecer cada vez mais esses la\u00e7os de uni\u00e3o e fraternidade&#8221;.<\/p>\n\n\n\n<p>O prefeito de Taquari, Andr\u00e9 Brito, destacou o quanto a ajuda de Santa Rosa foi fundamental para a reconstru\u00e7\u00e3o da cidade: &#8220;Muitas pessoas sofreram, mas o mais importante de tudo foi a solidariedade. Voc\u00eas chegaram aqui no momento em que est\u00e1vamos fragilizados pela press\u00e3o, pela d\u00favida, pela incerteza. Santa Rosa simboliza todos os volunt\u00e1rios que tivemos, de v\u00e1rias partes do Brasil. Voc\u00eas foram os irm\u00e3os fundamentais para a reconstru\u00e7\u00e3o do nosso munic\u00edpio.&#8221;<\/p>\n\n\n\n<p>Al\u00e9m de Aldemir, Nerison Paveglio tamb\u00e9m esteve presente na homenagem, representando as empresas metal\u00fargicas de Santa Rosa.<\/p>\n","protected":false},"excerpt":{"rendered":"<p>Na noite deste domingo (15), Santa Rosa recebeu uma homenagem da Prefeitura de Taquari. O vice-prefeito Aldemir Ulrich representou o<\/p>\n","protected":false},"author":6,"featured_media":12162,"comment_status":"closed","ping_status":"closed","sticky":false,"template":"","format":"standard","meta":{"footnotes":""},"categories":[4,9],"tags":[],"class_list":["post-12159","post","type-post","status-publish","format-standard","has-post-thumbnail","hentry","category-noticias","category-gabinete-do-vice-prefeito"],"aioseo_notices":[],"_links":{"self":[{"href":"https:\/\/prefeitura.santarosa.rs.gov.br\/index.php?rest_route=\/wp\/v2\/posts\/12159","targetHints":{"allow":["GET"]}}],"collection":[{"href":"https:\/\/prefeitura.santarosa.rs.gov.br\/index.php?rest_route=\/wp\/v2\/posts"}],"about":[{"href":"https:\/\/prefeitura.santarosa.rs.gov.br\/index.php?rest_route=\/wp\/v2\/types\/post"}],"author":[{"embeddable":true,"href":"https:\/\/prefeitura.santarosa.rs.gov.br\/index.php?rest_route=\/wp\/v2\/users\/6"}],"replies":[{"embeddable":true,"href":"https:\/\/prefeitura.santarosa.rs.gov.br\/index.php?rest_route=%2Fwp%2Fv2%2Fcomments&post=12159"}],"version-history":[{"count":1,"href":"https:\/\/prefeitura.santarosa.rs.gov.br\/index.php?rest_route=\/wp\/v2\/posts\/12159\/revisions"}],"predecessor-version":[{"id":12163,"href":"https:\/\/prefeitura.santarosa.rs.gov.br\/index.php?rest_route=\/wp\/v2\/posts\/12159\/revisions\/12163"}],"wp:featuredmedia":[{"embeddable":true,"href":"https:\/\/prefeitura.santarosa.rs.gov.br\/index.php?rest_route=\/wp\/v2\/media\/12162"}],"wp:attachment":[{"href":"https:\/\/prefeitura.santarosa.rs.gov.br\/index.php?rest_route=%2Fwp%2Fv2%2Fmedia&parent=12159"}],"wp:term":[{"taxonomy":"category","embeddable":true,"href":"https:\/\/prefeitura.santarosa.rs.gov.br\/index.php?rest_route=%2Fwp%2Fv2%2Fcategories&post=12159"},{"taxonomy":"post_tag","embeddable":true,"href":"https:\/\/prefeitura.santarosa.rs.gov.br\/index.php?rest_route=%2Fwp%2Fv2%2Ftags&post=12159"}],"curies":[{"name":"wp","href":"https:\/\/api.w.org\/{rel}","templated":true}]}}