{"id":12154,"date":"2024-12-16T17:15:42","date_gmt":"2024-12-16T20:15:42","guid":{"rendered":"https:\/\/prefeitura.santarosa.rs.gov.br\/?p=12154"},"modified":"2024-12-16T17:15:43","modified_gmt":"2024-12-16T20:15:43","slug":"programa-habitacional-santa-rosa-verde-e-amarela-avanca-em-santa-rosa","status":"publish","type":"post","link":"https:\/\/prefeitura.santarosa.rs.gov.br\/?p=12154","title":{"rendered":"Programa Habitacional Santa Rosa Verde e Amarela avan\u00e7a em Santa Rosa"},"content":{"rendered":"\n<figure class=\"wp-block-image size-full\"><img fetchpriority=\"high\" decoding=\"async\" width=\"860\" height=\"645\" src=\"https:\/\/prefeitura.santarosa.rs.gov.br\/wp-content\/uploads\/2024\/12\/Formato-Site-e-Portal-860X645-JPG-13-1.jpg\" alt=\"\" class=\"wp-image-12155\" srcset=\"https:\/\/prefeitura.santarosa.rs.gov.br\/wp-content\/uploads\/2024\/12\/Formato-Site-e-Portal-860X645-JPG-13-1.jpg 860w, https:\/\/prefeitura.santarosa.rs.gov.br\/wp-content\/uploads\/2024\/12\/Formato-Site-e-Portal-860X645-JPG-13-1-300x225.jpg 300w, https:\/\/prefeitura.santarosa.rs.gov.br\/wp-content\/uploads\/2024\/12\/Formato-Site-e-Portal-860X645-JPG-13-1-768x576.jpg 768w\" sizes=\"(max-width: 860px) 100vw, 860px\" \/><\/figure>\n\n\n\n<p>O programa habitacional Santa Rosa Verde e Amarela, do Governo Municipal, tem se consolidado como uma grande conquista para as fam\u00edlias do munic\u00edpio que sonham com a casa pr\u00f3pria. At\u00e9 o momento, 681 processos foram contemplados no programa. Um investimento da prefeitura de mais de R$ 11 milh\u00f5es de recursos pr\u00f3prios.<\/p>\n\n\n\n<p>Cerca de 700 fam\u00edlias foram beneficiadas com o subs\u00eddio de R$ 18 mil, que \u00e9 destinado para a entrada da compra ou constru\u00e7\u00e3o de um im\u00f3vel. O prefeito Anderson Mantei ressalta a import\u00e2ncia da a\u00e7\u00e3o para a popula\u00e7\u00e3o, \u201cSeguimos investindo nesse que \u00e9 um dos mais importantes projetos do governo, pois ele tem feito a diferen\u00e7a na vida de tantas fam\u00edlias de Santa Rosa que est\u00e3o realizando o sonho da casa pr\u00f3pria\u201d.<\/p>\n\n\n\n<p>Para participar, os interessados devem buscar uma institui\u00e7\u00e3o financeira ou de cr\u00e9dito para obter o financiamento de uma casa ou apartamento novo de at\u00e9 R$ 220 mil. Com a aprova\u00e7\u00e3o do financiamento dentro dos crit\u00e9rios do programa, o subs\u00eddio da prefeitura \u00e9 concedido.<\/p>\n\n\n\n<p>Requisitos para participar:<br>\u2022 Ser maior de idade ou emancipado<br>\u2022 N\u00e3o ser propriet\u00e1rio de im\u00f3vel residencial urbano em Santa Rosa<br>\u2022 Ter renda familiar bruta de at\u00e9 R$ 7 mil<\/p>\n","protected":false},"excerpt":{"rendered":"<p>O programa habitacional Santa Rosa Verde e Amarela, do Governo Municipal, tem se consolidado como uma grande conquista para as<\/p>\n","protected":false},"author":6,"featured_media":12156,"comment_status":"closed","ping_status":"closed","sticky":false,"template":"","format":"standard","meta":{"footnotes":""},"categories":[4,22],"tags":[],"class_list":["post-12154","post","type-post","status-publish","format-standard","has-post-thumbnail","hentry","category-noticias","category-secretaria-municipal-de-planejamento-e-habitacao"],"aioseo_notices":[],"_links":{"self":[{"href":"https:\/\/prefeitura.santarosa.rs.gov.br\/index.php?rest_route=\/wp\/v2\/posts\/12154","targetHints":{"allow":["GET"]}}],"collection":[{"href":"https:\/\/prefeitura.santarosa.rs.gov.br\/index.php?rest_route=\/wp\/v2\/posts"}],"about":[{"href":"https:\/\/prefeitura.santarosa.rs.gov.br\/index.php?rest_route=\/wp\/v2\/types\/post"}],"author":[{"embeddable":true,"href":"https:\/\/prefeitura.santarosa.rs.gov.br\/index.php?rest_route=\/wp\/v2\/users\/6"}],"replies":[{"embeddable":true,"href":"https:\/\/prefeitura.santarosa.rs.gov.br\/index.php?rest_route=%2Fwp%2Fv2%2Fcomments&post=12154"}],"version-history":[{"count":1,"href":"https:\/\/prefeitura.santarosa.rs.gov.br\/index.php?rest_route=\/wp\/v2\/posts\/12154\/revisions"}],"predecessor-version":[{"id":12157,"href":"https:\/\/prefeitura.santarosa.rs.gov.br\/index.php?rest_route=\/wp\/v2\/posts\/12154\/revisions\/12157"}],"wp:featuredmedia":[{"embeddable":true,"href":"https:\/\/prefeitura.santarosa.rs.gov.br\/index.php?rest_route=\/wp\/v2\/media\/12156"}],"wp:attachment":[{"href":"https:\/\/prefeitura.santarosa.rs.gov.br\/index.php?rest_route=%2Fwp%2Fv2%2Fmedia&parent=12154"}],"wp:term":[{"taxonomy":"category","embeddable":true,"href":"https:\/\/prefeitura.santarosa.rs.gov.br\/index.php?rest_route=%2Fwp%2Fv2%2Fcategories&post=12154"},{"taxonomy":"post_tag","embeddable":true,"href":"https:\/\/prefeitura.santarosa.rs.gov.br\/index.php?rest_route=%2Fwp%2Fv2%2Ftags&post=12154"}],"curies":[{"name":"wp","href":"https:\/\/api.w.org\/{rel}","templated":true}]}}