{"id":12138,"date":"2024-12-13T15:30:11","date_gmt":"2024-12-13T18:30:11","guid":{"rendered":"https:\/\/prefeitura.santarosa.rs.gov.br\/?p=12138"},"modified":"2024-12-13T15:30:11","modified_gmt":"2024-12-13T18:30:11","slug":"2a-conferencia-municipal-de-meio-ambiente-e-realizada-em-santa-rosa","status":"publish","type":"post","link":"https:\/\/prefeitura.santarosa.rs.gov.br\/?p=12138","title":{"rendered":"2\u00aa Confer\u00eancia Municipal de Meio Ambiente \u00e9 realizada em Santa Rosa"},"content":{"rendered":"\n<figure class=\"wp-block-image size-full\"><img fetchpriority=\"high\" decoding=\"async\" width=\"860\" height=\"645\" src=\"https:\/\/prefeitura.santarosa.rs.gov.br\/wp-content\/uploads\/2024\/12\/Formato-Site-e-Portal-860X645-JPG-2024-12-13T152320.581.jpg\" alt=\"\" class=\"wp-image-12139\" srcset=\"https:\/\/prefeitura.santarosa.rs.gov.br\/wp-content\/uploads\/2024\/12\/Formato-Site-e-Portal-860X645-JPG-2024-12-13T152320.581.jpg 860w, https:\/\/prefeitura.santarosa.rs.gov.br\/wp-content\/uploads\/2024\/12\/Formato-Site-e-Portal-860X645-JPG-2024-12-13T152320.581-300x225.jpg 300w, https:\/\/prefeitura.santarosa.rs.gov.br\/wp-content\/uploads\/2024\/12\/Formato-Site-e-Portal-860X645-JPG-2024-12-13T152320.581-768x576.jpg 768w\" sizes=\"(max-width: 860px) 100vw, 860px\" \/><\/figure>\n\n\n\n<p>Nesta sexta-feira (13\/12), foi realizada em Santa Rosa a 2\u00aa Confer\u00eancia Municipal de Meio Ambiente. O evento aconteceu na UNIJU\u00cd e contou com a participa\u00e7\u00e3o de mais de 100 pessoas, entre autoridades, servidores p\u00fablicos e da comunidade. A a\u00e7\u00e3o foi promovida pela Prefeitura de Santa Rosa e pelo Conselho Municipal do Meio Ambiente e Saneamento (CONSEMMA). A atividade representa a primeira etapa da 5\u00aa Confer\u00eancia Nacional do Meio Ambiente.<\/p>\n\n\n\n<p>O vice-prefeito de Santa Rosa, Aldemir Ulrich, esteve presente na abertura e destacou a import\u00e2ncia da mobiliza\u00e7\u00e3o para a conscientiza\u00e7\u00e3o ambiental, &#8220;Este evento representa uma oportunidade para debatermos quest\u00f5es ambientais relevantes para nossa cidade e para o futuro de todos &#8220;. Na oportunidade, o Professor Dr. Daniel Cenci, palestrante convidado, abordou o tema &#8220;Emerg\u00eancia Clim\u00e1tica &#8211; O Desafio da Transforma\u00e7\u00e3o Ecol\u00f3gica&#8221;. Ap\u00f3s a palestra, foi realizada uma din\u00e2mica. Cada participante foi convidado a se reunir em grupos de acordo com o eixo tem\u00e1tico escolhido durante a inscri\u00e7\u00e3o. O objetivo dessa etapa foi levantar ideias e reflex\u00f5es sobre a situa\u00e7\u00e3o ambiental no munic\u00edpio, al\u00e9m de formular propostas concretas relacionadas a cada um dos eixos tem\u00e1ticos.<\/p>\n\n\n\n<p>No per\u00edodo da tarde, as propostas elaboradas nos grupos foram socializadas. Dentre elas, duas por eixo foram priorizadas, totalizando 10 propostas que ser\u00e3o encaminhadas \u00e0 etapa estadual da Confer\u00eancia. Tamb\u00e9m foram eleitos os 10 delegados que representar\u00e3o Santa Rosa na fase regional do evento. Douglas Fronza, Procurador-Geral do Munic\u00edpio e atual respons\u00e1vel pela Secretaria de Meio Ambiente, ressaltou a relev\u00e2ncia da confer\u00eancia para o planejamento ambiental de Santa Rosa e parabenizou os servidores da secretaria pela organiza\u00e7\u00e3o da atividade, &#8220;A participa\u00e7\u00e3o ativa da popula\u00e7\u00e3o \u00e9 fundamental para o desenvolvimento de pol\u00edticas p\u00fablicas que realmente atendam \u00e0s necessidades de preserva\u00e7\u00e3o ambiental e ao enfrentamento dos desafios clim\u00e1ticos. Estamos comprometidos em dar continuidade a esse processo de constru\u00e7\u00e3o coletiva&#8221;.<\/p>\n\n\n\n<p>A 5\u00aa Confer\u00eancia Nacional do Meio Ambiente \u00e9 um processo participativo que visa promover um di\u00e1logo sobre o meio ambiente. Toda a popula\u00e7\u00e3o brasileira poder\u00e1 contribuir com solu\u00e7\u00f5es para enfrentar os problemas decorrentes das mudan\u00e7as clim\u00e1ticas.<\/p>\n","protected":false},"excerpt":{"rendered":"<p>Nesta sexta-feira (13\/12), foi realizada em Santa Rosa a 2\u00aa Confer\u00eancia Municipal de Meio Ambiente. O evento aconteceu na UNIJU\u00cd<\/p>\n","protected":false},"author":6,"featured_media":12140,"comment_status":"closed","ping_status":"open","sticky":false,"template":"","format":"standard","meta":{"footnotes":""},"categories":[4,20],"tags":[],"class_list":["post-12138","post","type-post","status-publish","format-standard","has-post-thumbnail","hentry","category-noticias","category-secretaria-municipal-de-meio-ambiente"],"aioseo_notices":[],"_links":{"self":[{"href":"https:\/\/prefeitura.santarosa.rs.gov.br\/index.php?rest_route=\/wp\/v2\/posts\/12138","targetHints":{"allow":["GET"]}}],"collection":[{"href":"https:\/\/prefeitura.santarosa.rs.gov.br\/index.php?rest_route=\/wp\/v2\/posts"}],"about":[{"href":"https:\/\/prefeitura.santarosa.rs.gov.br\/index.php?rest_route=\/wp\/v2\/types\/post"}],"author":[{"embeddable":true,"href":"https:\/\/prefeitura.santarosa.rs.gov.br\/index.php?rest_route=\/wp\/v2\/users\/6"}],"replies":[{"embeddable":true,"href":"https:\/\/prefeitura.santarosa.rs.gov.br\/index.php?rest_route=%2Fwp%2Fv2%2Fcomments&post=12138"}],"version-history":[{"count":1,"href":"https:\/\/prefeitura.santarosa.rs.gov.br\/index.php?rest_route=\/wp\/v2\/posts\/12138\/revisions"}],"predecessor-version":[{"id":12141,"href":"https:\/\/prefeitura.santarosa.rs.gov.br\/index.php?rest_route=\/wp\/v2\/posts\/12138\/revisions\/12141"}],"wp:featuredmedia":[{"embeddable":true,"href":"https:\/\/prefeitura.santarosa.rs.gov.br\/index.php?rest_route=\/wp\/v2\/media\/12140"}],"wp:attachment":[{"href":"https:\/\/prefeitura.santarosa.rs.gov.br\/index.php?rest_route=%2Fwp%2Fv2%2Fmedia&parent=12138"}],"wp:term":[{"taxonomy":"category","embeddable":true,"href":"https:\/\/prefeitura.santarosa.rs.gov.br\/index.php?rest_route=%2Fwp%2Fv2%2Fcategories&post=12138"},{"taxonomy":"post_tag","embeddable":true,"href":"https:\/\/prefeitura.santarosa.rs.gov.br\/index.php?rest_route=%2Fwp%2Fv2%2Ftags&post=12138"}],"curies":[{"name":"wp","href":"https:\/\/api.w.org\/{rel}","templated":true}]}}