{"id":12121,"date":"2024-12-12T16:08:52","date_gmt":"2024-12-12T19:08:52","guid":{"rendered":"https:\/\/prefeitura.santarosa.rs.gov.br\/?p=12121"},"modified":"2024-12-12T16:12:58","modified_gmt":"2024-12-12T19:12:58","slug":"how-de-natal-com-rogerio-magrao-e-banda","status":"publish","type":"post","link":"https:\/\/prefeitura.santarosa.rs.gov.br\/?p=12121","title":{"rendered":"Show de Natal com Rog\u00e9rio Magr\u00e3o e Banda"},"content":{"rendered":"\n<figure class=\"wp-block-image size-full\"><img fetchpriority=\"high\" decoding=\"async\" width=\"860\" height=\"645\" src=\"https:\/\/prefeitura.santarosa.rs.gov.br\/wp-content\/uploads\/2024\/12\/Formato-Site-e-Portal-860X645-JPG-9.jpg\" alt=\"\" class=\"wp-image-12122\" srcset=\"https:\/\/prefeitura.santarosa.rs.gov.br\/wp-content\/uploads\/2024\/12\/Formato-Site-e-Portal-860X645-JPG-9.jpg 860w, https:\/\/prefeitura.santarosa.rs.gov.br\/wp-content\/uploads\/2024\/12\/Formato-Site-e-Portal-860X645-JPG-9-300x225.jpg 300w, https:\/\/prefeitura.santarosa.rs.gov.br\/wp-content\/uploads\/2024\/12\/Formato-Site-e-Portal-860X645-JPG-9-768x576.jpg 768w\" sizes=\"(max-width: 860px) 100vw, 860px\" \/><\/figure>\n\n\n\n<p>A Prefeitura de Santa Rosa, por meio da Secretaria de Educa\u00e7\u00e3o e Cultura, promoveu, na noite desta quarta-feira (11), um Show de Natal com Rog\u00e9rio Magr\u00e3o e Banda. A a\u00e7\u00e3o aconteceu em frente ao Centro Cultural Prof. Fioravante Pedrazani e reuniu a comunidade. A atividade marcou o in\u00edcio da programa\u00e7\u00e3o de Natal, que vai contar com diversas atividades.<\/p>\n\n\n\n<p>A abertura oficial do Natal Encantado 2024 ser\u00e1 realizada na ter\u00e7a-feira (17), \u00e0s 19h, no Centro Cultural, em frente \u00e0 Pra\u00e7a da Bandeira. Na oportunidade, ser\u00e1 realizada a inaugura\u00e7\u00e3o e entrega da decora\u00e7\u00e3o natalina, al\u00e9m da chegada do Papai Noel. A a\u00e7\u00e3o contar\u00e1 com a participa\u00e7\u00e3o da Orquestra Jovem, do Coral 24 de Julho e da Transna\u00e7\u00e3o Patina\u00e7\u00e3o. Este ano, uma das novidades da decora\u00e7\u00e3o, ser\u00e1 um t\u00fanel de 100 metros de LED, localizado na Via Cultural, um local totalmente iluminado para a comunidade prestigiar e tirar fotos.<\/p>\n\n\n\n<p>Um dos destaques da programa\u00e7\u00e3o de Natal \u00e9 a visita\u00e7\u00e3o \u00e0 Casa do Papai Noel, na Vila Noel, localizada na Pra\u00e7a da Bandeira. A visita\u00e7\u00e3o vai ocorrer de 18 a 23\/12, das 19h \u00e0s 22h. O Sindicato do Com\u00e9rcio Varejista de Santa Rosa (Sindilojas) anunciou tamb\u00e9m o per\u00edodo extra de funcionamento das lojas nos dias que antecedem o Natal. A medida \u00e9 tradicional no munic\u00edpio. As lojas funcionar\u00e3o das 8h \u00e0s 22h entre 15 (domingo) e 23 de dezembro (segunda-feira). No dia 24, v\u00e9spera de Natal, o funcionamento ser\u00e1 estendido at\u00e9 \u00e0s 16h. No dia 31 de dezembro, v\u00e9spera de Ano Novo, o expediente tamb\u00e9m ser\u00e1 encerrado \u00e0s 16h.<\/p>\n\n\n\n<p>Confira nas p\u00e1ginas oficiais da Prefeitura a programa\u00e7\u00e3o completa com todas as atra\u00e7\u00f5es dispon\u00edveis.<\/p>\n\n\n\n<figure class=\"wp-block-image size-large\"><img decoding=\"async\" width=\"1024\" height=\"682\" src=\"https:\/\/prefeitura.santarosa.rs.gov.br\/wp-content\/uploads\/2024\/12\/WhatsApp-Image-2024-12-12-at-15.38.17-1024x682.jpeg\" alt=\"\" class=\"wp-image-12124\" srcset=\"https:\/\/prefeitura.santarosa.rs.gov.br\/wp-content\/uploads\/2024\/12\/WhatsApp-Image-2024-12-12-at-15.38.17-1024x682.jpeg 1024w, https:\/\/prefeitura.santarosa.rs.gov.br\/wp-content\/uploads\/2024\/12\/WhatsApp-Image-2024-12-12-at-15.38.17-300x200.jpeg 300w, https:\/\/prefeitura.santarosa.rs.gov.br\/wp-content\/uploads\/2024\/12\/WhatsApp-Image-2024-12-12-at-15.38.17-768x512.jpeg 768w, https:\/\/prefeitura.santarosa.rs.gov.br\/wp-content\/uploads\/2024\/12\/WhatsApp-Image-2024-12-12-at-15.38.17-1536x1024.jpeg 1536w, https:\/\/prefeitura.santarosa.rs.gov.br\/wp-content\/uploads\/2024\/12\/WhatsApp-Image-2024-12-12-at-15.38.17-2048x1365.jpeg 2048w\" sizes=\"(max-width: 1024px) 100vw, 1024px\" \/><\/figure>\n","protected":false},"excerpt":{"rendered":"<p>A Prefeitura de Santa Rosa, por meio da Secretaria de Educa\u00e7\u00e3o e Cultura, promoveu, na noite desta quarta-feira (11), um<\/p>\n","protected":false},"author":6,"featured_media":12123,"comment_status":"closed","ping_status":"closed","sticky":false,"template":"","format":"standard","meta":{"footnotes":""},"categories":[4,18],"tags":[],"class_list":["post-12121","post","type-post","status-publish","format-standard","has-post-thumbnail","hentry","category-noticias","category-secretaria-municipal-de-educacao-e-cultura"],"aioseo_notices":[],"_links":{"self":[{"href":"https:\/\/prefeitura.santarosa.rs.gov.br\/index.php?rest_route=\/wp\/v2\/posts\/12121","targetHints":{"allow":["GET"]}}],"collection":[{"href":"https:\/\/prefeitura.santarosa.rs.gov.br\/index.php?rest_route=\/wp\/v2\/posts"}],"about":[{"href":"https:\/\/prefeitura.santarosa.rs.gov.br\/index.php?rest_route=\/wp\/v2\/types\/post"}],"author":[{"embeddable":true,"href":"https:\/\/prefeitura.santarosa.rs.gov.br\/index.php?rest_route=\/wp\/v2\/users\/6"}],"replies":[{"embeddable":true,"href":"https:\/\/prefeitura.santarosa.rs.gov.br\/index.php?rest_route=%2Fwp%2Fv2%2Fcomments&post=12121"}],"version-history":[{"count":2,"href":"https:\/\/prefeitura.santarosa.rs.gov.br\/index.php?rest_route=\/wp\/v2\/posts\/12121\/revisions"}],"predecessor-version":[{"id":12126,"href":"https:\/\/prefeitura.santarosa.rs.gov.br\/index.php?rest_route=\/wp\/v2\/posts\/12121\/revisions\/12126"}],"wp:featuredmedia":[{"embeddable":true,"href":"https:\/\/prefeitura.santarosa.rs.gov.br\/index.php?rest_route=\/wp\/v2\/media\/12123"}],"wp:attachment":[{"href":"https:\/\/prefeitura.santarosa.rs.gov.br\/index.php?rest_route=%2Fwp%2Fv2%2Fmedia&parent=12121"}],"wp:term":[{"taxonomy":"category","embeddable":true,"href":"https:\/\/prefeitura.santarosa.rs.gov.br\/index.php?rest_route=%2Fwp%2Fv2%2Fcategories&post=12121"},{"taxonomy":"post_tag","embeddable":true,"href":"https:\/\/prefeitura.santarosa.rs.gov.br\/index.php?rest_route=%2Fwp%2Fv2%2Ftags&post=12121"}],"curies":[{"name":"wp","href":"https:\/\/api.w.org\/{rel}","templated":true}]}}