{"id":12117,"date":"2024-12-11T16:52:28","date_gmt":"2024-12-11T19:52:28","guid":{"rendered":"https:\/\/prefeitura.santarosa.rs.gov.br\/?p=12117"},"modified":"2024-12-11T16:52:28","modified_gmt":"2024-12-11T19:52:28","slug":"jogos-das-escolas-do-campo-de-santa-rosa","status":"publish","type":"post","link":"https:\/\/prefeitura.santarosa.rs.gov.br\/?p=12117","title":{"rendered":"Jogos das Escolas do Campo de Santa Rosa"},"content":{"rendered":"\n<figure class=\"wp-block-image size-full\"><img fetchpriority=\"high\" decoding=\"async\" width=\"860\" height=\"645\" src=\"https:\/\/prefeitura.santarosa.rs.gov.br\/wp-content\/uploads\/2024\/12\/Formato-Site-e-Portal-860X645-JPG-8.jpg\" alt=\"\" class=\"wp-image-12118\" srcset=\"https:\/\/prefeitura.santarosa.rs.gov.br\/wp-content\/uploads\/2024\/12\/Formato-Site-e-Portal-860X645-JPG-8.jpg 860w, https:\/\/prefeitura.santarosa.rs.gov.br\/wp-content\/uploads\/2024\/12\/Formato-Site-e-Portal-860X645-JPG-8-300x225.jpg 300w, https:\/\/prefeitura.santarosa.rs.gov.br\/wp-content\/uploads\/2024\/12\/Formato-Site-e-Portal-860X645-JPG-8-768x576.jpg 768w\" sizes=\"(max-width: 860px) 100vw, 860px\" \/><\/figure>\n\n\n\n<p>Esporte, integra\u00e7\u00e3o e coopera\u00e7\u00e3o. Nesse clima come\u00e7aram hoje os Jogos das Escolas de Campo 2024 &#8211; 1a Edi\u00e7\u00e3o. Uma promo\u00e7\u00e3o da Prefeitura de Santa Rosa, atrav\u00e9s da Secretaria Municipal de Educa\u00e7\u00e3o e Cultura, com apoio das escolas do Campo do munic\u00edpio, Secretaria Municipal de Esportes,<br>EMATER\/RS &#8211; ASCAR e Sicredi. Cerca de 500 alunos est\u00e3o envolvidos nas atividades.<br>Os Jogos das Escolas do Campo prop\u00f5em atividades esportivas com o intuito de integrar as escolas do campo, bem como, a comunidade escolar. Dessa forma, as a\u00e7\u00f5es promovem tamb\u00e9m integra\u00e7\u00e3o e socializa\u00e7\u00e3o, valorizando a coopera\u00e7\u00e3o e participa\u00e7\u00e3o de todos. O Vice-Prefeito Aldemir Ulrich participou da abertura e destacou a import\u00e2ncia dessa a\u00e7\u00e3o, \u201cN\u00f3s vamos investir cada vez mais no interior e em todas as a\u00e7\u00f5es voltadas para as comunidades que vivem na \u00e1rea rural. Os jogos v\u00e3o ser fundamentais para promover bem-estar, pr\u00e1tica de esporte e ainda integra\u00e7\u00e3o entre os alunos\u201d.<br>Os Jogos do Campo tamb\u00e9m v\u00e3o promover o acesso de fam\u00edlias rurais ao esporte, lazer e recrea\u00e7\u00e3o, despertando em todos o sentimento de pertencimento e inclus\u00e3o social. Durante o dia, as disputas ser\u00e3o nas seguintes modalidades: v\u00f4lei, futsal, atletismo como salto em dist\u00e2ncia, revezamento, corridas e xadrez. Tamb\u00e9m ser\u00e3o realizadas atividades voltadas ao campo como debulha de milho, corrida do saco, milho no buraco, chute ao pneu, entre outras. As atividades ligadas ao campo acontecer\u00e3o no per\u00edodo da tarde, com a coordena\u00e7\u00e3o da Emater\/RS &#8211; ASCAR.<\/p>\n\n\n\n<p>Est\u00e3o envolvidas as 4 Escolas Municipais do Campo: EMEF Princesa Isabel, EMEF S\u00e3o Jos\u00e9, EMEF \u00c9rico Ver\u00edssimo e EMEF 15 de Novembro. Os jogos contaram com apoio da Blindlaser<\/p>\n","protected":false},"excerpt":{"rendered":"<p>Esporte, integra\u00e7\u00e3o e coopera\u00e7\u00e3o. Nesse clima come\u00e7aram hoje os Jogos das Escolas de Campo 2024 &#8211; 1a Edi\u00e7\u00e3o. Uma promo\u00e7\u00e3o<\/p>\n","protected":false},"author":6,"featured_media":12119,"comment_status":"closed","ping_status":"closed","sticky":false,"template":"","format":"standard","meta":{"footnotes":""},"categories":[4,18],"tags":[],"class_list":["post-12117","post","type-post","status-publish","format-standard","has-post-thumbnail","hentry","category-noticias","category-secretaria-municipal-de-educacao-e-cultura"],"aioseo_notices":[],"_links":{"self":[{"href":"https:\/\/prefeitura.santarosa.rs.gov.br\/index.php?rest_route=\/wp\/v2\/posts\/12117","targetHints":{"allow":["GET"]}}],"collection":[{"href":"https:\/\/prefeitura.santarosa.rs.gov.br\/index.php?rest_route=\/wp\/v2\/posts"}],"about":[{"href":"https:\/\/prefeitura.santarosa.rs.gov.br\/index.php?rest_route=\/wp\/v2\/types\/post"}],"author":[{"embeddable":true,"href":"https:\/\/prefeitura.santarosa.rs.gov.br\/index.php?rest_route=\/wp\/v2\/users\/6"}],"replies":[{"embeddable":true,"href":"https:\/\/prefeitura.santarosa.rs.gov.br\/index.php?rest_route=%2Fwp%2Fv2%2Fcomments&post=12117"}],"version-history":[{"count":1,"href":"https:\/\/prefeitura.santarosa.rs.gov.br\/index.php?rest_route=\/wp\/v2\/posts\/12117\/revisions"}],"predecessor-version":[{"id":12120,"href":"https:\/\/prefeitura.santarosa.rs.gov.br\/index.php?rest_route=\/wp\/v2\/posts\/12117\/revisions\/12120"}],"wp:featuredmedia":[{"embeddable":true,"href":"https:\/\/prefeitura.santarosa.rs.gov.br\/index.php?rest_route=\/wp\/v2\/media\/12119"}],"wp:attachment":[{"href":"https:\/\/prefeitura.santarosa.rs.gov.br\/index.php?rest_route=%2Fwp%2Fv2%2Fmedia&parent=12117"}],"wp:term":[{"taxonomy":"category","embeddable":true,"href":"https:\/\/prefeitura.santarosa.rs.gov.br\/index.php?rest_route=%2Fwp%2Fv2%2Fcategories&post=12117"},{"taxonomy":"post_tag","embeddable":true,"href":"https:\/\/prefeitura.santarosa.rs.gov.br\/index.php?rest_route=%2Fwp%2Fv2%2Ftags&post=12117"}],"curies":[{"name":"wp","href":"https:\/\/api.w.org\/{rel}","templated":true}]}}