{"id":12108,"date":"2024-12-10T15:14:47","date_gmt":"2024-12-10T18:14:47","guid":{"rendered":"https:\/\/prefeitura.santarosa.rs.gov.br\/?p=12108"},"modified":"2024-12-10T15:14:48","modified_gmt":"2024-12-10T18:14:48","slug":"prefeito-e-vice-entregam-placa-para-joao-carlos-dorneles","status":"publish","type":"post","link":"https:\/\/prefeitura.santarosa.rs.gov.br\/?p=12108","title":{"rendered":"Prefeito e vice entregam placa para Jo\u00e3o Carlos Dorneles"},"content":{"rendered":"\n<figure class=\"wp-block-image size-full\"><img fetchpriority=\"high\" decoding=\"async\" width=\"860\" height=\"645\" src=\"https:\/\/prefeitura.santarosa.rs.gov.br\/wp-content\/uploads\/2024\/12\/Formato-Site-e-Portal-860X645-JPG-6.jpg\" alt=\"\" class=\"wp-image-12109\" srcset=\"https:\/\/prefeitura.santarosa.rs.gov.br\/wp-content\/uploads\/2024\/12\/Formato-Site-e-Portal-860X645-JPG-6.jpg 860w, https:\/\/prefeitura.santarosa.rs.gov.br\/wp-content\/uploads\/2024\/12\/Formato-Site-e-Portal-860X645-JPG-6-300x225.jpg 300w, https:\/\/prefeitura.santarosa.rs.gov.br\/wp-content\/uploads\/2024\/12\/Formato-Site-e-Portal-860X645-JPG-6-768x576.jpg 768w\" sizes=\"(max-width: 860px) 100vw, 860px\" \/><\/figure>\n\n\n\n<p>Na manh\u00e3 desta ter\u00e7a-feira (10), o prefeito Anderson Mantei e o vice-prefeito Aldemir Ulrich realizaram uma homenagem para Jo\u00e3o Carlos de Castro Dorneles, pelos servi\u00e7os prestados quando foi Secret\u00e1rio de Meio Ambiente. O ato ocorreu na sala de reuni\u00f5es do gabinete, durante a reuni\u00e3o semanal com os secret\u00e1rios da Administra\u00e7\u00e3o Municipal.<\/p>\n\n\n\n<p>Jo\u00e3o Carlos, que pediu exonera\u00e7\u00e3o do cargo por motivos pessoais, em novembro, recebeu uma placa de agradecimento ao seu empenho enquanto esteve \u00e0 frente da Secretaria de Meio Ambiente. O prefeito Anderson Mantei ressaltou a import\u00e2ncia do trabalho do secret\u00e1rio e sua contribui\u00e7\u00e3o para o munic\u00edpio, &#8220;Em nome do Governo Municipal queremos reconhecer e agradecer o Secret\u00e1rio Jo\u00e3o por sua contribui\u00e7\u00e3o \u00e0 Santa Rosa durante seu trabalho na Secretaria de Meio Ambiente. Sua experi\u00eancia t\u00e9cnica e dedica\u00e7\u00e3o contribu\u00edram significativamente para o desenvolvimento do munic\u00edpio. Desejamos muito sucesso nesta nova fase&#8221;.<\/p>\n\n\n\n<p>O homenageado, por sua vez, agradeceu pela oportunidade de ter contribu\u00eddo com o munic\u00edpio e enfatizou a import\u00e2ncia da equipe de trabalho com a qual colaborou durante quase quatro anos, &#8220;Me sinto muito honrado por ter sido parte da equipe de secret\u00e1rios da gest\u00e3o 2021\/2024. Meu agradecimento aos colegas, aos servidores da Secretaria de Meio Ambiente e \u00e0 gest\u00e3o por todos esses anos trabalhando juntos por Santa Rosa&#8221;, destacou Jo\u00e3o Carlos de Castro Dorneles.<\/p>\n\n\n\n<p>Com a sa\u00edda de Jo\u00e3o Carlos, assume a Secretaria de Meio Ambiente, at\u00e9 o final do ano, o Procurador-Geral do Munic\u00edpio, Douglas Fronza.<\/p>\n","protected":false},"excerpt":{"rendered":"<p>Na manh\u00e3 desta ter\u00e7a-feira (10), o prefeito Anderson Mantei e o vice-prefeito Aldemir Ulrich realizaram uma homenagem para Jo\u00e3o Carlos<\/p>\n","protected":false},"author":6,"featured_media":12110,"comment_status":"closed","ping_status":"closed","sticky":false,"template":"","format":"standard","meta":{"footnotes":""},"categories":[4,20],"tags":[],"class_list":["post-12108","post","type-post","status-publish","format-standard","has-post-thumbnail","hentry","category-noticias","category-secretaria-municipal-de-meio-ambiente"],"aioseo_notices":[],"_links":{"self":[{"href":"https:\/\/prefeitura.santarosa.rs.gov.br\/index.php?rest_route=\/wp\/v2\/posts\/12108","targetHints":{"allow":["GET"]}}],"collection":[{"href":"https:\/\/prefeitura.santarosa.rs.gov.br\/index.php?rest_route=\/wp\/v2\/posts"}],"about":[{"href":"https:\/\/prefeitura.santarosa.rs.gov.br\/index.php?rest_route=\/wp\/v2\/types\/post"}],"author":[{"embeddable":true,"href":"https:\/\/prefeitura.santarosa.rs.gov.br\/index.php?rest_route=\/wp\/v2\/users\/6"}],"replies":[{"embeddable":true,"href":"https:\/\/prefeitura.santarosa.rs.gov.br\/index.php?rest_route=%2Fwp%2Fv2%2Fcomments&post=12108"}],"version-history":[{"count":1,"href":"https:\/\/prefeitura.santarosa.rs.gov.br\/index.php?rest_route=\/wp\/v2\/posts\/12108\/revisions"}],"predecessor-version":[{"id":12111,"href":"https:\/\/prefeitura.santarosa.rs.gov.br\/index.php?rest_route=\/wp\/v2\/posts\/12108\/revisions\/12111"}],"wp:featuredmedia":[{"embeddable":true,"href":"https:\/\/prefeitura.santarosa.rs.gov.br\/index.php?rest_route=\/wp\/v2\/media\/12110"}],"wp:attachment":[{"href":"https:\/\/prefeitura.santarosa.rs.gov.br\/index.php?rest_route=%2Fwp%2Fv2%2Fmedia&parent=12108"}],"wp:term":[{"taxonomy":"category","embeddable":true,"href":"https:\/\/prefeitura.santarosa.rs.gov.br\/index.php?rest_route=%2Fwp%2Fv2%2Fcategories&post=12108"},{"taxonomy":"post_tag","embeddable":true,"href":"https:\/\/prefeitura.santarosa.rs.gov.br\/index.php?rest_route=%2Fwp%2Fv2%2Ftags&post=12108"}],"curies":[{"name":"wp","href":"https:\/\/api.w.org\/{rel}","templated":true}]}}