{"id":12099,"date":"2024-12-09T17:14:46","date_gmt":"2024-12-09T20:14:46","guid":{"rendered":"https:\/\/prefeitura.santarosa.rs.gov.br\/?p=12099"},"modified":"2024-12-09T17:14:46","modified_gmt":"2024-12-09T20:14:46","slug":"concluida-obra-de-duplicacao-da-av-pedro-schwertz","status":"publish","type":"post","link":"https:\/\/prefeitura.santarosa.rs.gov.br\/?p=12099","title":{"rendered":"Conclu\u00edda obra de duplica\u00e7\u00e3o da Av. Pedro Schwertz"},"content":{"rendered":"\n<figure class=\"wp-block-image size-full\"><img fetchpriority=\"high\" decoding=\"async\" width=\"860\" height=\"645\" src=\"https:\/\/prefeitura.santarosa.rs.gov.br\/wp-content\/uploads\/2024\/12\/Formato-Site-e-Portal-860X645-JPG-4.jpg\" alt=\"\" class=\"wp-image-12100\" srcset=\"https:\/\/prefeitura.santarosa.rs.gov.br\/wp-content\/uploads\/2024\/12\/Formato-Site-e-Portal-860X645-JPG-4.jpg 860w, https:\/\/prefeitura.santarosa.rs.gov.br\/wp-content\/uploads\/2024\/12\/Formato-Site-e-Portal-860X645-JPG-4-300x225.jpg 300w, https:\/\/prefeitura.santarosa.rs.gov.br\/wp-content\/uploads\/2024\/12\/Formato-Site-e-Portal-860X645-JPG-4-768x576.jpg 768w\" sizes=\"(max-width: 860px) 100vw, 860px\" \/><\/figure>\n\n\n\n<p>A obra de duplica\u00e7\u00e3o da Av. Pedro Schwertz foi conclu\u00edda. O projeto incluiu o alargamento da avenida, onde antes, havia um estreitamento da pista. Agora, a avenida conta com duas pistas em cada sentido, melhorando significativamente a liga\u00e7\u00e3o entre o Centro e o bairro Cruzeiro, atrav\u00e9s da Avenida Am\u00e9rica. O investimento total foi de aproximadamente R$ 730 mil.<\/p>\n\n\n\n<p>O Governo Municipal realizou a desapropria\u00e7\u00e3o e aquisi\u00e7\u00e3o de 6 lotes (1.047,58 m\u00b2) para poder ampliar e implementar as melhorias na avenida. Al\u00e9m disso, foi feito tamb\u00e9m, o deslocamento da rede de energia el\u00e9trica da regi\u00e3o. Mais de R$ 1,2 milh\u00e3o de recursos pr\u00f3prios do munic\u00edpio foi investido nessa etapa. O prefeito Anderson Mantei, destacou a a\u00e7\u00e3o, \u201cEsta era uma antiga demanda dos moradores que atendemos e que, a partir de agora, vai melhorar o tr\u00e1fego de ve\u00edculos e trazer mais seguran\u00e7a para esta importante liga\u00e7\u00e3o Centro\/Cruzeiro\u201d.<\/p>\n\n\n\n<p>O projeto de duplica\u00e7\u00e3o contou com obras de asfalto e drenagem em uma \u00e1rea de 2.346,91 m\u00b2, entre a Rua Oeste e a Rua Norte. Al\u00e9m disso, foram realizados os servi\u00e7os complementares de execu\u00e7\u00e3o de passeio, rampas de acessibilidade e sinaliza\u00e7\u00e3o horizontal e vertical<\/p>\n","protected":false},"excerpt":{"rendered":"<p>A obra de duplica\u00e7\u00e3o da Av. Pedro Schwertz foi conclu\u00edda. O projeto incluiu o alargamento da avenida, onde antes, havia<\/p>\n","protected":false},"author":6,"featured_media":12101,"comment_status":"closed","ping_status":"open","sticky":false,"template":"","format":"standard","meta":{"footnotes":""},"categories":[4,27],"tags":[],"class_list":["post-12099","post","type-post","status-publish","format-standard","has-post-thumbnail","hentry","category-noticias","category-secretaria-municipal-de-mobilidade-urbana"],"aioseo_notices":[],"_links":{"self":[{"href":"https:\/\/prefeitura.santarosa.rs.gov.br\/index.php?rest_route=\/wp\/v2\/posts\/12099","targetHints":{"allow":["GET"]}}],"collection":[{"href":"https:\/\/prefeitura.santarosa.rs.gov.br\/index.php?rest_route=\/wp\/v2\/posts"}],"about":[{"href":"https:\/\/prefeitura.santarosa.rs.gov.br\/index.php?rest_route=\/wp\/v2\/types\/post"}],"author":[{"embeddable":true,"href":"https:\/\/prefeitura.santarosa.rs.gov.br\/index.php?rest_route=\/wp\/v2\/users\/6"}],"replies":[{"embeddable":true,"href":"https:\/\/prefeitura.santarosa.rs.gov.br\/index.php?rest_route=%2Fwp%2Fv2%2Fcomments&post=12099"}],"version-history":[{"count":1,"href":"https:\/\/prefeitura.santarosa.rs.gov.br\/index.php?rest_route=\/wp\/v2\/posts\/12099\/revisions"}],"predecessor-version":[{"id":12102,"href":"https:\/\/prefeitura.santarosa.rs.gov.br\/index.php?rest_route=\/wp\/v2\/posts\/12099\/revisions\/12102"}],"wp:featuredmedia":[{"embeddable":true,"href":"https:\/\/prefeitura.santarosa.rs.gov.br\/index.php?rest_route=\/wp\/v2\/media\/12101"}],"wp:attachment":[{"href":"https:\/\/prefeitura.santarosa.rs.gov.br\/index.php?rest_route=%2Fwp%2Fv2%2Fmedia&parent=12099"}],"wp:term":[{"taxonomy":"category","embeddable":true,"href":"https:\/\/prefeitura.santarosa.rs.gov.br\/index.php?rest_route=%2Fwp%2Fv2%2Fcategories&post=12099"},{"taxonomy":"post_tag","embeddable":true,"href":"https:\/\/prefeitura.santarosa.rs.gov.br\/index.php?rest_route=%2Fwp%2Fv2%2Ftags&post=12099"}],"curies":[{"name":"wp","href":"https:\/\/api.w.org\/{rel}","templated":true}]}}