{"id":12095,"date":"2024-12-09T16:26:33","date_gmt":"2024-12-09T19:26:33","guid":{"rendered":"https:\/\/prefeitura.santarosa.rs.gov.br\/?p=12095"},"modified":"2024-12-09T16:26:33","modified_gmt":"2024-12-09T19:26:33","slug":"tape-pora-com-ciclovia","status":"publish","type":"post","link":"https:\/\/prefeitura.santarosa.rs.gov.br\/?p=12095","title":{"rendered":"Tape Por\u00e3 com ciclovia"},"content":{"rendered":"\n<figure class=\"wp-block-image size-full\"><img fetchpriority=\"high\" decoding=\"async\" width=\"860\" height=\"645\" src=\"https:\/\/prefeitura.santarosa.rs.gov.br\/wp-content\/uploads\/2024\/12\/Formato-Site-e-Portal-860X645-JPG-3.jpg\" alt=\"\" class=\"wp-image-12096\" srcset=\"https:\/\/prefeitura.santarosa.rs.gov.br\/wp-content\/uploads\/2024\/12\/Formato-Site-e-Portal-860X645-JPG-3.jpg 860w, https:\/\/prefeitura.santarosa.rs.gov.br\/wp-content\/uploads\/2024\/12\/Formato-Site-e-Portal-860X645-JPG-3-300x225.jpg 300w, https:\/\/prefeitura.santarosa.rs.gov.br\/wp-content\/uploads\/2024\/12\/Formato-Site-e-Portal-860X645-JPG-3-768x576.jpg 768w\" sizes=\"(max-width: 860px) 100vw, 860px\" \/><\/figure>\n\n\n\n<p>O Tape Por\u00e3, um dos locais mais visitados pelas fam\u00edlias santa-rosenses, est\u00e1 recebendo uma importante melhoria com a constru\u00e7\u00e3o de uma ciclovia interna. A obra, que j\u00e1 est\u00e1 20% executada, conta com um investimento de mais de R$ 570 mil de recursos pr\u00f3prios do munic\u00edpio. O projeto busca proporcionar mais seguran\u00e7a para os ciclistas que com a obra, n\u00e3o ir\u00e3o mais dividir a pista com os ve\u00edculos, al\u00e9m de oferecer mais vagas de estacionamento na Avenida Expedicion\u00e1rio Weber.<\/p>\n\n\n\n<p>Recentemente, foi conclu\u00edda no local, a pavimenta\u00e7\u00e3o entre as ruas Farrapos e S\u00e3o Jos\u00e9. No momento, a equipe trabalha na execu\u00e7\u00e3o do trecho entre a Rua S\u00e3o Jos\u00e9 e a Rua 10 de Novembro. O projeto prev\u00ea a constru\u00e7\u00e3o de uma pista de concreto que se estender\u00e1 do quartel at\u00e9 o p\u00f3rtico da Oktoberfest. O prefeito Anderson Mantei destacou a import\u00e2ncia da ciclovia para a seguran\u00e7a e a organiza\u00e7\u00e3o do tr\u00e1fego na regi\u00e3o, \u201cCom a conclus\u00e3o dessa ciclovia, teremos mais seguran\u00e7a para os ciclistas e fluidez no tr\u00e2nsito. A obra \u00e9 parte de um esfor\u00e7o cont\u00ednuo para melhorar o Tape Por\u00e3 e torn\u00e1-lo um espa\u00e7o ainda mais atrativo para nossa popula\u00e7\u00e3o\u201d.<\/p>\n\n\n\n<p>Al\u00e9m da ciclovia, o Tape Por\u00e3 tem passado por outras melhorias. Neste ano, foi conclu\u00edda a etapa III da amplia\u00e7\u00e3o do parque, que vai da Vila Beatriz at\u00e9 a Vila Oliveira. Com um investimento superior a R$ 1,4 milh\u00e3o, a obra de 460 metros de extens\u00e3o abrange uma \u00e1rea total de 10.889,03 metros quadrados.<\/p>\n","protected":false},"excerpt":{"rendered":"<p>O Tape Por\u00e3, um dos locais mais visitados pelas fam\u00edlias santa-rosenses, est\u00e1 recebendo uma importante melhoria com a constru\u00e7\u00e3o de<\/p>\n","protected":false},"author":6,"featured_media":12097,"comment_status":"closed","ping_status":"open","sticky":false,"template":"","format":"standard","meta":{"footnotes":""},"categories":[4,27],"tags":[],"class_list":["post-12095","post","type-post","status-publish","format-standard","has-post-thumbnail","hentry","category-noticias","category-secretaria-municipal-de-mobilidade-urbana"],"aioseo_notices":[],"_links":{"self":[{"href":"https:\/\/prefeitura.santarosa.rs.gov.br\/index.php?rest_route=\/wp\/v2\/posts\/12095","targetHints":{"allow":["GET"]}}],"collection":[{"href":"https:\/\/prefeitura.santarosa.rs.gov.br\/index.php?rest_route=\/wp\/v2\/posts"}],"about":[{"href":"https:\/\/prefeitura.santarosa.rs.gov.br\/index.php?rest_route=\/wp\/v2\/types\/post"}],"author":[{"embeddable":true,"href":"https:\/\/prefeitura.santarosa.rs.gov.br\/index.php?rest_route=\/wp\/v2\/users\/6"}],"replies":[{"embeddable":true,"href":"https:\/\/prefeitura.santarosa.rs.gov.br\/index.php?rest_route=%2Fwp%2Fv2%2Fcomments&post=12095"}],"version-history":[{"count":1,"href":"https:\/\/prefeitura.santarosa.rs.gov.br\/index.php?rest_route=\/wp\/v2\/posts\/12095\/revisions"}],"predecessor-version":[{"id":12098,"href":"https:\/\/prefeitura.santarosa.rs.gov.br\/index.php?rest_route=\/wp\/v2\/posts\/12095\/revisions\/12098"}],"wp:featuredmedia":[{"embeddable":true,"href":"https:\/\/prefeitura.santarosa.rs.gov.br\/index.php?rest_route=\/wp\/v2\/media\/12097"}],"wp:attachment":[{"href":"https:\/\/prefeitura.santarosa.rs.gov.br\/index.php?rest_route=%2Fwp%2Fv2%2Fmedia&parent=12095"}],"wp:term":[{"taxonomy":"category","embeddable":true,"href":"https:\/\/prefeitura.santarosa.rs.gov.br\/index.php?rest_route=%2Fwp%2Fv2%2Fcategories&post=12095"},{"taxonomy":"post_tag","embeddable":true,"href":"https:\/\/prefeitura.santarosa.rs.gov.br\/index.php?rest_route=%2Fwp%2Fv2%2Ftags&post=12095"}],"curies":[{"name":"wp","href":"https:\/\/api.w.org\/{rel}","templated":true}]}}