{"id":12089,"date":"2024-12-09T08:47:32","date_gmt":"2024-12-09T11:47:32","guid":{"rendered":"https:\/\/prefeitura.santarosa.rs.gov.br\/?p=12089"},"modified":"2024-12-09T08:47:33","modified_gmt":"2024-12-09T11:47:33","slug":"fenasoja-2024-encerra-com-parque-lotado","status":"publish","type":"post","link":"https:\/\/prefeitura.santarosa.rs.gov.br\/?p=12089","title":{"rendered":"Fenasoja 2024 encerra com parque lotado"},"content":{"rendered":"\n<figure class=\"wp-block-image size-full\"><img fetchpriority=\"high\" decoding=\"async\" width=\"860\" height=\"645\" src=\"https:\/\/prefeitura.santarosa.rs.gov.br\/wp-content\/uploads\/2024\/12\/Formato-Site-e-Portal-860X645-JPG-2024-12-09T082613.403.jpg\" alt=\"\" class=\"wp-image-12090\" srcset=\"https:\/\/prefeitura.santarosa.rs.gov.br\/wp-content\/uploads\/2024\/12\/Formato-Site-e-Portal-860X645-JPG-2024-12-09T082613.403.jpg 860w, https:\/\/prefeitura.santarosa.rs.gov.br\/wp-content\/uploads\/2024\/12\/Formato-Site-e-Portal-860X645-JPG-2024-12-09T082613.403-300x225.jpg 300w, https:\/\/prefeitura.santarosa.rs.gov.br\/wp-content\/uploads\/2024\/12\/Formato-Site-e-Portal-860X645-JPG-2024-12-09T082613.403-768x576.jpg 768w\" sizes=\"(max-width: 860px) 100vw, 860px\" \/><\/figure>\n\n\n\n<p>O encerramento da 24\u00aa Feira Nacional da Soja, uma edi\u00e7\u00e3o hist\u00f3rica que celebrou os 100 anos do plantio do gr\u00e3o no Brasil, foi um sucesso. Milhares de pessoas visitaram o Parque de Exposi\u00e7\u00f5es Alfredo Leandro Carlson e prestigiaram o \u00faltimo dia da feira. Com mais de 600 expositores e 600 volunt\u00e1rios, a feira que aconteceu durante dez dias, encerra com o show nacional da cantora Ana Castela.<\/p>\n\n\n\n<p>O prefeito de Santa Rosa, Anderson Mantei, que esteve despachando do parque todos os dias, celebrou o sucesso desta edi\u00e7\u00e3o, \u201cEstamos muito contentes. A Fenasoja despejou otimismo e confian\u00e7a para a nossa regi\u00e3o. Essa feira foi de muito orgulho para todos n\u00f3s. Santa Rosa tem pessoas que trabalham e fazem a diferen\u00e7a\u201d.<\/p>\n\n\n\n<p>A Fenasoja 2024 aconteceu de 29 de novembro a 08 de dezembro. O evento teve como co-promotor, a Prefeitura de Santa Rosa e o apoio da C\u00e2mara Municipal de Vereadores, com envolvimento de diversos patrocinadores.<\/p>\n","protected":false},"excerpt":{"rendered":"<p>O encerramento da 24\u00aa Feira Nacional da Soja, uma edi\u00e7\u00e3o hist\u00f3rica que celebrou os 100 anos do plantio do gr\u00e3o<\/p>\n","protected":false},"author":6,"featured_media":12091,"comment_status":"closed","ping_status":"open","sticky":false,"template":"","format":"standard","meta":{"footnotes":""},"categories":[4,3],"tags":[],"class_list":["post-12089","post","type-post","status-publish","format-standard","has-post-thumbnail","hentry","category-noticias","category-gabinete-do-prefeito"],"aioseo_notices":[],"_links":{"self":[{"href":"https:\/\/prefeitura.santarosa.rs.gov.br\/index.php?rest_route=\/wp\/v2\/posts\/12089","targetHints":{"allow":["GET"]}}],"collection":[{"href":"https:\/\/prefeitura.santarosa.rs.gov.br\/index.php?rest_route=\/wp\/v2\/posts"}],"about":[{"href":"https:\/\/prefeitura.santarosa.rs.gov.br\/index.php?rest_route=\/wp\/v2\/types\/post"}],"author":[{"embeddable":true,"href":"https:\/\/prefeitura.santarosa.rs.gov.br\/index.php?rest_route=\/wp\/v2\/users\/6"}],"replies":[{"embeddable":true,"href":"https:\/\/prefeitura.santarosa.rs.gov.br\/index.php?rest_route=%2Fwp%2Fv2%2Fcomments&post=12089"}],"version-history":[{"count":1,"href":"https:\/\/prefeitura.santarosa.rs.gov.br\/index.php?rest_route=\/wp\/v2\/posts\/12089\/revisions"}],"predecessor-version":[{"id":12092,"href":"https:\/\/prefeitura.santarosa.rs.gov.br\/index.php?rest_route=\/wp\/v2\/posts\/12089\/revisions\/12092"}],"wp:featuredmedia":[{"embeddable":true,"href":"https:\/\/prefeitura.santarosa.rs.gov.br\/index.php?rest_route=\/wp\/v2\/media\/12091"}],"wp:attachment":[{"href":"https:\/\/prefeitura.santarosa.rs.gov.br\/index.php?rest_route=%2Fwp%2Fv2%2Fmedia&parent=12089"}],"wp:term":[{"taxonomy":"category","embeddable":true,"href":"https:\/\/prefeitura.santarosa.rs.gov.br\/index.php?rest_route=%2Fwp%2Fv2%2Fcategories&post=12089"},{"taxonomy":"post_tag","embeddable":true,"href":"https:\/\/prefeitura.santarosa.rs.gov.br\/index.php?rest_route=%2Fwp%2Fv2%2Ftags&post=12089"}],"curies":[{"name":"wp","href":"https:\/\/api.w.org\/{rel}","templated":true}]}}