{"id":12085,"date":"2024-12-08T11:23:44","date_gmt":"2024-12-08T14:23:44","guid":{"rendered":"https:\/\/prefeitura.santarosa.rs.gov.br\/?p=12085"},"modified":"2024-12-08T11:23:44","modified_gmt":"2024-12-08T14:23:44","slug":"cafe-da-manha-com-expositores-e-patrocinadores-da-fenasoja-2024-marca-o-inicio-do-ultimo-dia-de-feira","status":"publish","type":"post","link":"https:\/\/prefeitura.santarosa.rs.gov.br\/?p=12085","title":{"rendered":"Caf\u00e9 da manh\u00e3 com expositores e patrocinadores da Fenasoja 2024 marca o in\u00edcio do \u00faltimo dia de feira"},"content":{"rendered":"\n<figure class=\"wp-block-image size-full\"><img fetchpriority=\"high\" decoding=\"async\" width=\"860\" height=\"645\" src=\"https:\/\/prefeitura.santarosa.rs.gov.br\/wp-content\/uploads\/2024\/12\/Formato-Site-e-Portal-860X645-JPG-26.jpg\" alt=\"\" class=\"wp-image-12086\" srcset=\"https:\/\/prefeitura.santarosa.rs.gov.br\/wp-content\/uploads\/2024\/12\/Formato-Site-e-Portal-860X645-JPG-26.jpg 860w, https:\/\/prefeitura.santarosa.rs.gov.br\/wp-content\/uploads\/2024\/12\/Formato-Site-e-Portal-860X645-JPG-26-300x225.jpg 300w, https:\/\/prefeitura.santarosa.rs.gov.br\/wp-content\/uploads\/2024\/12\/Formato-Site-e-Portal-860X645-JPG-26-768x576.jpg 768w\" sizes=\"(max-width: 860px) 100vw, 860px\" \/><\/figure>\n\n\n\n<p>O 10\u00ba e \u00faltimo dia da Fenasoja 2024 iniciou com um caf\u00e9 da manh\u00e3 para os expositores e patrocinadores da 24\u00aa edi\u00e7\u00e3o da feira. O prefeito Anderson Mantei esteve no Parque de Exposi\u00e7\u00f5es Alfredo Leandro Carlson, participando da atividade. A comiss\u00e3o organizadora da Fenasoja agradeceu aos volunt\u00e1rios e apoiadores do evento. Na oportunidade, foram anunciados, oficialmente, os nomes do presidente e do vice-presidente da pr\u00f3xima edi\u00e7\u00e3o que vai acontecer em 2026.<\/p>\n\n\n\n<p>O presidente da Fenasoja 2024, D\u00e1rio Germano, falou sobre os n\u00fameros da edi\u00e7\u00e3o, agradeceu aos expositores, volunt\u00e1rios, visitantes e ao apoio que o Governo Municipal deu para a feira. O vice-presidente da feira e presidente da pr\u00f3xima edi\u00e7\u00e3o, Marcos Servat, tamb\u00e9m fez seus agradecimentos e emocionado anunciou o nome do vice-presidente que estar\u00e1 ao seu lado na 25\u00aa Fenasoja. O escolhido foi o presidente da Comiss\u00e3o da Exporural, Fabiano Soltis. Servat tamb\u00e9m ressaltou algumas melhorias previstas para 2026, \u201cVamos dar sequ\u00eancia a esse trabalho de desenvolvimento da infraestrutura do parque, junto com a parceria da prefeitura e das demais feiras do munic\u00edpio. Queremos que a Fenasoja 2026 seja ainda melhor para os visitantes, expositores e patrocinadores\u201d.<\/p>\n\n\n\n<p>O prefeito Anderson Mantei, destacou o trabalho volunt\u00e1rio e o prest\u00edgio dos expositores, \u201cFoi uma feira extraordin\u00e1ria, de neg\u00f3cios, com resultados positivos e que trouxe mais desenvolvimento para Santa Rosa. \u00c9 um orgulho para a nossa cidade apoiar e participar desse evento t\u00e3o importante para o nosso munic\u00edpio, estado e pa\u00eds e temos certeza, que a Fenasoja 2026 ser\u00e1 a maior de todos os tempos\u201d. O ato de encerramento desta 24\u00aa edi\u00e7\u00e3o vai acontecer na tarde deste domingo (08), \u00e0s 18h30min, no Parque de Exposi\u00e7\u00f5es.<\/p>\n","protected":false},"excerpt":{"rendered":"<p>O 10\u00ba e \u00faltimo dia da Fenasoja 2024 iniciou com um caf\u00e9 da manh\u00e3 para os expositores e patrocinadores da<\/p>\n","protected":false},"author":6,"featured_media":12087,"comment_status":"closed","ping_status":"open","sticky":false,"template":"","format":"standard","meta":{"footnotes":""},"categories":[4,3],"tags":[],"class_list":["post-12085","post","type-post","status-publish","format-standard","has-post-thumbnail","hentry","category-noticias","category-gabinete-do-prefeito"],"aioseo_notices":[],"_links":{"self":[{"href":"https:\/\/prefeitura.santarosa.rs.gov.br\/index.php?rest_route=\/wp\/v2\/posts\/12085","targetHints":{"allow":["GET"]}}],"collection":[{"href":"https:\/\/prefeitura.santarosa.rs.gov.br\/index.php?rest_route=\/wp\/v2\/posts"}],"about":[{"href":"https:\/\/prefeitura.santarosa.rs.gov.br\/index.php?rest_route=\/wp\/v2\/types\/post"}],"author":[{"embeddable":true,"href":"https:\/\/prefeitura.santarosa.rs.gov.br\/index.php?rest_route=\/wp\/v2\/users\/6"}],"replies":[{"embeddable":true,"href":"https:\/\/prefeitura.santarosa.rs.gov.br\/index.php?rest_route=%2Fwp%2Fv2%2Fcomments&post=12085"}],"version-history":[{"count":1,"href":"https:\/\/prefeitura.santarosa.rs.gov.br\/index.php?rest_route=\/wp\/v2\/posts\/12085\/revisions"}],"predecessor-version":[{"id":12088,"href":"https:\/\/prefeitura.santarosa.rs.gov.br\/index.php?rest_route=\/wp\/v2\/posts\/12085\/revisions\/12088"}],"wp:featuredmedia":[{"embeddable":true,"href":"https:\/\/prefeitura.santarosa.rs.gov.br\/index.php?rest_route=\/wp\/v2\/media\/12087"}],"wp:attachment":[{"href":"https:\/\/prefeitura.santarosa.rs.gov.br\/index.php?rest_route=%2Fwp%2Fv2%2Fmedia&parent=12085"}],"wp:term":[{"taxonomy":"category","embeddable":true,"href":"https:\/\/prefeitura.santarosa.rs.gov.br\/index.php?rest_route=%2Fwp%2Fv2%2Fcategories&post=12085"},{"taxonomy":"post_tag","embeddable":true,"href":"https:\/\/prefeitura.santarosa.rs.gov.br\/index.php?rest_route=%2Fwp%2Fv2%2Ftags&post=12085"}],"curies":[{"name":"wp","href":"https:\/\/api.w.org\/{rel}","templated":true}]}}