{"id":12081,"date":"2024-12-06T16:38:00","date_gmt":"2024-12-06T19:38:00","guid":{"rendered":"https:\/\/prefeitura.santarosa.rs.gov.br\/?p=12081"},"modified":"2024-12-06T16:38:01","modified_gmt":"2024-12-06T19:38:01","slug":"bolsonaro-na-fenasoja-2024","status":"publish","type":"post","link":"https:\/\/prefeitura.santarosa.rs.gov.br\/?p=12081","title":{"rendered":"Bolsonaro na Fenasoja 2024"},"content":{"rendered":"\n<figure class=\"wp-block-image size-full\"><img fetchpriority=\"high\" decoding=\"async\" width=\"860\" height=\"645\" src=\"https:\/\/prefeitura.santarosa.rs.gov.br\/wp-content\/uploads\/2024\/12\/Formato-Site-e-Portal-860X645-JPG-25.jpg\" alt=\"\" class=\"wp-image-12082\" srcset=\"https:\/\/prefeitura.santarosa.rs.gov.br\/wp-content\/uploads\/2024\/12\/Formato-Site-e-Portal-860X645-JPG-25.jpg 860w, https:\/\/prefeitura.santarosa.rs.gov.br\/wp-content\/uploads\/2024\/12\/Formato-Site-e-Portal-860X645-JPG-25-300x225.jpg 300w, https:\/\/prefeitura.santarosa.rs.gov.br\/wp-content\/uploads\/2024\/12\/Formato-Site-e-Portal-860X645-JPG-25-768x576.jpg 768w\" sizes=\"(max-width: 860px) 100vw, 860px\" \/><\/figure>\n\n\n\n<p>O oitavo dia da Fenasoja 2024 foi marcado por uma intensa movimenta\u00e7\u00e3o no Parque de Exposi\u00e7\u00f5es Alfredo Leandro Carlson. Na manh\u00e3 desta sexta-feira (06), Santa Rosa recebeu a visita de Jair Messias Bolsonaro. Ele foi recebido pelo Prefeito Anderson Mantei, pelo vice-prefeito Aldemir Ulrich e pelo presidente e vice da feira.<\/p>\n\n\n\n<p>Bolsonaro concedeu entrevistas e atendeu os visitantes do parque. Na sequ\u00eancia, foi realizado um ato de boas-vindas que contou com a presen\u00e7a dos deputados federais, Marcelo Moraes, Marcel Van Hattem, Giovani Cherini, Osmar Terra e Zucco, al\u00e9m do senador Luiz Carlos Heinze. O prefeito Anderson Mantei falou da honra de receber Bolsonaro em Santa Rosa, &#8220;A gente sabe que o Brasil quer ele aqui, e aqui, ele \u00e9 o nosso presidente para o resto de nossos dias. O povo quer o senhor de volta ao Pal\u00e1cio do Planalto. Obrigado \u00e0 todos que est\u00e3o aqui recebendo o nosso capit\u00e3o&#8221;.<\/p>\n\n\n\n<p>Bolsonaro agradeceu a acolhida e falou da alegria de estar mais uma vez na Maior Feira Multissetorial do Brasil, nessa edi\u00e7\u00e3o hist\u00f3rica que celebra os 100 anos da soja no pa\u00eds, \u201c\u00c9 uma grande alegria voltar a Santa Rosa e ser recebido com tanto carinho pelo povo ga\u00facho. Voc\u00eas, povo trabalhador, da cidade \u201cBer\u00e7o Nacional da Soja\u201d, s\u00e3o um orgulho para a nossa na\u00e7\u00e3o. Parab\u00e9ns a Fenasoja e ao munic\u00edpio por esta grande feira\u201d.<\/p>\n\n\n\n<p>Bolsonaro atendeu a comunidade e tirou fotos com os visitantes no Parque de Exposi\u00e7\u00f5es. A Fenasoja 2024 vai at\u00e9 domingo (08), onde ser\u00e1 realizado o encerramento da 24\u00aa edi\u00e7\u00e3o.<\/p>\n","protected":false},"excerpt":{"rendered":"<p>O oitavo dia da Fenasoja 2024 foi marcado por uma intensa movimenta\u00e7\u00e3o no Parque de Exposi\u00e7\u00f5es Alfredo Leandro Carlson. Na<\/p>\n","protected":false},"author":6,"featured_media":12083,"comment_status":"closed","ping_status":"closed","sticky":false,"template":"","format":"standard","meta":{"footnotes":""},"categories":[4,3],"tags":[],"class_list":["post-12081","post","type-post","status-publish","format-standard","has-post-thumbnail","hentry","category-noticias","category-gabinete-do-prefeito"],"aioseo_notices":[],"_links":{"self":[{"href":"https:\/\/prefeitura.santarosa.rs.gov.br\/index.php?rest_route=\/wp\/v2\/posts\/12081","targetHints":{"allow":["GET"]}}],"collection":[{"href":"https:\/\/prefeitura.santarosa.rs.gov.br\/index.php?rest_route=\/wp\/v2\/posts"}],"about":[{"href":"https:\/\/prefeitura.santarosa.rs.gov.br\/index.php?rest_route=\/wp\/v2\/types\/post"}],"author":[{"embeddable":true,"href":"https:\/\/prefeitura.santarosa.rs.gov.br\/index.php?rest_route=\/wp\/v2\/users\/6"}],"replies":[{"embeddable":true,"href":"https:\/\/prefeitura.santarosa.rs.gov.br\/index.php?rest_route=%2Fwp%2Fv2%2Fcomments&post=12081"}],"version-history":[{"count":1,"href":"https:\/\/prefeitura.santarosa.rs.gov.br\/index.php?rest_route=\/wp\/v2\/posts\/12081\/revisions"}],"predecessor-version":[{"id":12084,"href":"https:\/\/prefeitura.santarosa.rs.gov.br\/index.php?rest_route=\/wp\/v2\/posts\/12081\/revisions\/12084"}],"wp:featuredmedia":[{"embeddable":true,"href":"https:\/\/prefeitura.santarosa.rs.gov.br\/index.php?rest_route=\/wp\/v2\/media\/12083"}],"wp:attachment":[{"href":"https:\/\/prefeitura.santarosa.rs.gov.br\/index.php?rest_route=%2Fwp%2Fv2%2Fmedia&parent=12081"}],"wp:term":[{"taxonomy":"category","embeddable":true,"href":"https:\/\/prefeitura.santarosa.rs.gov.br\/index.php?rest_route=%2Fwp%2Fv2%2Fcategories&post=12081"},{"taxonomy":"post_tag","embeddable":true,"href":"https:\/\/prefeitura.santarosa.rs.gov.br\/index.php?rest_route=%2Fwp%2Fv2%2Ftags&post=12081"}],"curies":[{"name":"wp","href":"https:\/\/api.w.org\/{rel}","templated":true}]}}