{"id":12077,"date":"2024-12-06T16:31:48","date_gmt":"2024-12-06T19:31:48","guid":{"rendered":"https:\/\/prefeitura.santarosa.rs.gov.br\/?p=12077"},"modified":"2024-12-06T16:31:49","modified_gmt":"2024-12-06T19:31:49","slug":"assinado-contrato-para-obra-do-aeroporto","status":"publish","type":"post","link":"https:\/\/prefeitura.santarosa.rs.gov.br\/?p=12077","title":{"rendered":"Assinado contrato para obra do aeroporto"},"content":{"rendered":"\n<figure class=\"wp-block-image size-full\"><img fetchpriority=\"high\" decoding=\"async\" width=\"860\" height=\"645\" src=\"https:\/\/prefeitura.santarosa.rs.gov.br\/wp-content\/uploads\/2024\/12\/Formato-Site-e-Portal-860X645-JPG-24.jpg\" alt=\"\" class=\"wp-image-12078\" srcset=\"https:\/\/prefeitura.santarosa.rs.gov.br\/wp-content\/uploads\/2024\/12\/Formato-Site-e-Portal-860X645-JPG-24.jpg 860w, https:\/\/prefeitura.santarosa.rs.gov.br\/wp-content\/uploads\/2024\/12\/Formato-Site-e-Portal-860X645-JPG-24-300x225.jpg 300w, https:\/\/prefeitura.santarosa.rs.gov.br\/wp-content\/uploads\/2024\/12\/Formato-Site-e-Portal-860X645-JPG-24-768x576.jpg 768w\" sizes=\"(max-width: 860px) 100vw, 860px\" \/><\/figure>\n\n\n\n<p>O sonho do aeroporto em Santa Rosa come\u00e7a a virar realidade. Nesta sexta-feira (06), mais um grande passo foi dado no processo das obras de amplia\u00e7\u00e3o do Aeroporto Municipal Lu\u00eds Alberto Lehr. O prefeito Anderson Mantei assinou, direto da Fenasoja 2024, o contrato de execu\u00e7\u00e3o da obra com a empresa vencedora da licita\u00e7\u00e3o. O projeto, no valor de mais de R$ 48 milh\u00f5es, vai possibilitar a amplia\u00e7\u00e3o da pista de pouso e decolagem. Ap\u00f3s conclu\u00eddas as obras previstas, o aeroporto estar\u00e1 autorizado a receber avi\u00f5es de at\u00e9 150 passageiros.<\/p>\n\n\n\n<p>O Governo Municipal vem realizando diversas tratativas e investimentos para dar seguimento ao projeto. A prefeitura realizou a aquisi\u00e7\u00e3o de 37 hectares para a amplia\u00e7\u00e3o do aeroporto. Um investimento de mais de R$ 7 milh\u00f5es de recursos pr\u00f3prios. O prefeito Anderson Mantei destacou a import\u00e2ncia da obra para o desenvolvimento do munic\u00edpio, &#8220;Com esse aeroporto, Santa Rosa vai avan\u00e7ar ainda mais, ser\u00e1 um salto hist\u00f3rico para a nossa regi\u00e3o e n\u00e3o \u00e9 mais um sonho, agora passa a ser realidade&#8221;.<\/p>\n\n\n\n<p>Anderson refor\u00e7ou tamb\u00e9m que essa sempre foi uma pauta muito trabalhada pelo Deputado Federal Osmar Terra, que realizou importantes articula\u00e7\u00f5es para viabilizar essa amplia\u00e7\u00e3o. Mais de R$ 48 milh\u00f5es ser\u00e3o investidos no aeroporto, sendo R$ 43 milh\u00f5es provenientes de repasse da Uni\u00e3o, por meio de conv\u00eanio com a Secretaria Nacional de Avia\u00e7\u00e3o Civil, e cerca de R$ 6 milh\u00f5es de recursos do munic\u00edpio, a t\u00edtulo de contrapartida. O projeto foi desenvolvido para que as aeronaves possam sair do aeroporto e voar at\u00e9 600 milhas n\u00e1uticas, o que vai possibilitar voos diretos para cidades como Curitiba, S\u00e3o Paulo e Campo Grande.<\/p>\n\n\n\n<p>Entre as melhorias, est\u00e1 a amplia\u00e7\u00e3o da pista de pouso e decolagem. O local, que atualmente tem 1.200 metros, passar\u00e1 para 1.630 metros, al\u00e9m de mais 120 metros de \u00e1reas de seguran\u00e7a pavimentadas (blast pads) e 180 metros de \u00e1rea de seguran\u00e7a n\u00e3o pavimentadas (RESAs), totalizando 1.930 metros de \u00e1rea de pista. A partir da assinatura do contrato, ser\u00e3o realizados procedimentos burocr\u00e1ticos junto ao Minist\u00e9rio de Portos e Aeroportos, que deve autorizar o in\u00edcio das obras e a libera\u00e7\u00e3o da primeira parcela dos recursos at\u00e9 fevereiro do pr\u00f3ximo ano.<\/p>\n","protected":false},"excerpt":{"rendered":"<p>O sonho do aeroporto em Santa Rosa come\u00e7a a virar realidade. Nesta sexta-feira (06), mais um grande passo foi dado<\/p>\n","protected":false},"author":6,"featured_media":12079,"comment_status":"closed","ping_status":"open","sticky":false,"template":"","format":"standard","meta":{"footnotes":""},"categories":[4,22],"tags":[],"class_list":["post-12077","post","type-post","status-publish","format-standard","has-post-thumbnail","hentry","category-noticias","category-secretaria-municipal-de-planejamento-e-habitacao"],"aioseo_notices":[],"_links":{"self":[{"href":"https:\/\/prefeitura.santarosa.rs.gov.br\/index.php?rest_route=\/wp\/v2\/posts\/12077","targetHints":{"allow":["GET"]}}],"collection":[{"href":"https:\/\/prefeitura.santarosa.rs.gov.br\/index.php?rest_route=\/wp\/v2\/posts"}],"about":[{"href":"https:\/\/prefeitura.santarosa.rs.gov.br\/index.php?rest_route=\/wp\/v2\/types\/post"}],"author":[{"embeddable":true,"href":"https:\/\/prefeitura.santarosa.rs.gov.br\/index.php?rest_route=\/wp\/v2\/users\/6"}],"replies":[{"embeddable":true,"href":"https:\/\/prefeitura.santarosa.rs.gov.br\/index.php?rest_route=%2Fwp%2Fv2%2Fcomments&post=12077"}],"version-history":[{"count":1,"href":"https:\/\/prefeitura.santarosa.rs.gov.br\/index.php?rest_route=\/wp\/v2\/posts\/12077\/revisions"}],"predecessor-version":[{"id":12080,"href":"https:\/\/prefeitura.santarosa.rs.gov.br\/index.php?rest_route=\/wp\/v2\/posts\/12077\/revisions\/12080"}],"wp:featuredmedia":[{"embeddable":true,"href":"https:\/\/prefeitura.santarosa.rs.gov.br\/index.php?rest_route=\/wp\/v2\/media\/12079"}],"wp:attachment":[{"href":"https:\/\/prefeitura.santarosa.rs.gov.br\/index.php?rest_route=%2Fwp%2Fv2%2Fmedia&parent=12077"}],"wp:term":[{"taxonomy":"category","embeddable":true,"href":"https:\/\/prefeitura.santarosa.rs.gov.br\/index.php?rest_route=%2Fwp%2Fv2%2Fcategories&post=12077"},{"taxonomy":"post_tag","embeddable":true,"href":"https:\/\/prefeitura.santarosa.rs.gov.br\/index.php?rest_route=%2Fwp%2Fv2%2Ftags&post=12077"}],"curies":[{"name":"wp","href":"https:\/\/api.w.org\/{rel}","templated":true}]}}