{"id":12073,"date":"2024-12-06T15:33:51","date_gmt":"2024-12-06T18:33:51","guid":{"rendered":"https:\/\/prefeitura.santarosa.rs.gov.br\/?p=12073"},"modified":"2024-12-06T15:33:51","modified_gmt":"2024-12-06T18:33:51","slug":"cerimonia-de-diplomacao-de-prefeitos-vices-e-vereadores-da-42a-zona-eleitoral-e-realizada-na-fenasoja","status":"publish","type":"post","link":"https:\/\/prefeitura.santarosa.rs.gov.br\/?p=12073","title":{"rendered":"Cerim\u00f4nia de Diploma\u00e7\u00e3o de Prefeitos, Vices e Vereadores da 42\u00aa Zona Eleitoral \u00e9 realizada na Fenasoja"},"content":{"rendered":"\n<figure class=\"wp-block-image size-full\"><img fetchpriority=\"high\" decoding=\"async\" width=\"860\" height=\"645\" src=\"https:\/\/prefeitura.santarosa.rs.gov.br\/wp-content\/uploads\/2024\/12\/Formato-Site-e-Portal-860X645-JPG-23.jpg\" alt=\"\" class=\"wp-image-12074\" srcset=\"https:\/\/prefeitura.santarosa.rs.gov.br\/wp-content\/uploads\/2024\/12\/Formato-Site-e-Portal-860X645-JPG-23.jpg 860w, https:\/\/prefeitura.santarosa.rs.gov.br\/wp-content\/uploads\/2024\/12\/Formato-Site-e-Portal-860X645-JPG-23-300x225.jpg 300w, https:\/\/prefeitura.santarosa.rs.gov.br\/wp-content\/uploads\/2024\/12\/Formato-Site-e-Portal-860X645-JPG-23-768x576.jpg 768w\" sizes=\"(max-width: 860px) 100vw, 860px\" \/><\/figure>\n\n\n\n<p>Na manh\u00e3 desta sexta-feira (06), aconteceu no Parque de Exposi\u00e7\u00f5es, durante a Fenasoja 2024, a diploma\u00e7\u00e3o dos candidatos eleitos no \u00faltimo dia 6 de outubro nos tr\u00eas munic\u00edpios que compreendem a 42\u00aa Zona Eleitoral. Na oportunidade, Anderson Mantei e Aldemir Ulrich foram diplomados prefeito e vice-prefeito de Santa Rosa para o mandato 2025\/2028. Tamb\u00e9m foram diplomados os 15 vereadores que ir\u00e3o compor a pr\u00f3xima legislatura. O ato contou com a participa\u00e7\u00e3o da comiss\u00e3o organizadora da feira, familiares e amigos dos diplomados.<\/p>\n\n\n\n<p>O juiz eleitoral Adalberto Hommerding, titular da 42\u00aa Zona Eleitoral, presidiu o ato de promulga\u00e7\u00e3o dos candidatos. Anderson e Aldemir foram reeleitos com 31.754 votos (70,71%), &#8220;Somos o povo e estamos aqui para servir o povo&#8221;, afirmou o prefeito Anderson Mantei.<\/p>\n\n\n\n<p>Na mesma solenidade, ocorreram as diploma\u00e7\u00f5es de Julio Mattiazzi e Francione Cappellari como prefeito e vice de Tuparendi, e de Manico Dinon e Buzina como prefeito e vice de Porto Mau\u00e1, al\u00e9m dos 9 vereadores eleitos para as respectivas c\u00e2maras municipais.<\/p>\n","protected":false},"excerpt":{"rendered":"<p>Na manh\u00e3 desta sexta-feira (06), aconteceu no Parque de Exposi\u00e7\u00f5es, durante a Fenasoja 2024, a diploma\u00e7\u00e3o dos candidatos eleitos no<\/p>\n","protected":false},"author":6,"featured_media":12075,"comment_status":"open","ping_status":"open","sticky":false,"template":"","format":"standard","meta":{"footnotes":""},"categories":[4,3],"tags":[],"class_list":["post-12073","post","type-post","status-publish","format-standard","has-post-thumbnail","hentry","category-noticias","category-gabinete-do-prefeito"],"aioseo_notices":[],"_links":{"self":[{"href":"https:\/\/prefeitura.santarosa.rs.gov.br\/index.php?rest_route=\/wp\/v2\/posts\/12073","targetHints":{"allow":["GET"]}}],"collection":[{"href":"https:\/\/prefeitura.santarosa.rs.gov.br\/index.php?rest_route=\/wp\/v2\/posts"}],"about":[{"href":"https:\/\/prefeitura.santarosa.rs.gov.br\/index.php?rest_route=\/wp\/v2\/types\/post"}],"author":[{"embeddable":true,"href":"https:\/\/prefeitura.santarosa.rs.gov.br\/index.php?rest_route=\/wp\/v2\/users\/6"}],"replies":[{"embeddable":true,"href":"https:\/\/prefeitura.santarosa.rs.gov.br\/index.php?rest_route=%2Fwp%2Fv2%2Fcomments&post=12073"}],"version-history":[{"count":1,"href":"https:\/\/prefeitura.santarosa.rs.gov.br\/index.php?rest_route=\/wp\/v2\/posts\/12073\/revisions"}],"predecessor-version":[{"id":12076,"href":"https:\/\/prefeitura.santarosa.rs.gov.br\/index.php?rest_route=\/wp\/v2\/posts\/12073\/revisions\/12076"}],"wp:featuredmedia":[{"embeddable":true,"href":"https:\/\/prefeitura.santarosa.rs.gov.br\/index.php?rest_route=\/wp\/v2\/media\/12075"}],"wp:attachment":[{"href":"https:\/\/prefeitura.santarosa.rs.gov.br\/index.php?rest_route=%2Fwp%2Fv2%2Fmedia&parent=12073"}],"wp:term":[{"taxonomy":"category","embeddable":true,"href":"https:\/\/prefeitura.santarosa.rs.gov.br\/index.php?rest_route=%2Fwp%2Fv2%2Fcategories&post=12073"},{"taxonomy":"post_tag","embeddable":true,"href":"https:\/\/prefeitura.santarosa.rs.gov.br\/index.php?rest_route=%2Fwp%2Fv2%2Ftags&post=12073"}],"curies":[{"name":"wp","href":"https:\/\/api.w.org\/{rel}","templated":true}]}}