{"id":12068,"date":"2024-12-06T08:35:19","date_gmt":"2024-12-06T11:35:19","guid":{"rendered":"https:\/\/prefeitura.santarosa.rs.gov.br\/?p=12068"},"modified":"2024-12-06T08:42:13","modified_gmt":"2024-12-06T11:42:13","slug":"fenasoja-2024","status":"publish","type":"post","link":"https:\/\/prefeitura.santarosa.rs.gov.br\/?p=12068","title":{"rendered":"Fenasoja 2024"},"content":{"rendered":"\n<figure class=\"wp-block-image size-full\"><img fetchpriority=\"high\" decoding=\"async\" width=\"860\" height=\"645\" src=\"https:\/\/prefeitura.santarosa.rs.gov.br\/wp-content\/uploads\/2024\/12\/Formato-Site-e-Portal-860X645-JPG-22.jpg\" alt=\"\" class=\"wp-image-12069\" srcset=\"https:\/\/prefeitura.santarosa.rs.gov.br\/wp-content\/uploads\/2024\/12\/Formato-Site-e-Portal-860X645-JPG-22.jpg 860w, https:\/\/prefeitura.santarosa.rs.gov.br\/wp-content\/uploads\/2024\/12\/Formato-Site-e-Portal-860X645-JPG-22-300x225.jpg 300w, https:\/\/prefeitura.santarosa.rs.gov.br\/wp-content\/uploads\/2024\/12\/Formato-Site-e-Portal-860X645-JPG-22-768x576.jpg 768w\" sizes=\"(max-width: 860px) 100vw, 860px\" \/><\/figure>\n\n\n\n<p>A 24\u00aa edi\u00e7\u00e3o da Fenasoja iniciou no dia 29 de novembro e vai at\u00e9 o pr\u00f3ximo domingo dia 08 de dezembro. Com mais de 600 volunt\u00e1rios e mais de 600 expositores, a feira prospecta superar R$ 1,2 bilh\u00f5es em neg\u00f3cios e 350 mil visitantes. O evento acontece no Parque de Exposi\u00e7\u00f5es Alfredo Leandro Carlson e conta com 7 pavilh\u00f5es, al\u00e9m da Exporural que neste ano foi ampliada em 40.501,50 m\u00b2. Um investimento de mais de R$ 4,6 milh\u00f5es de recursos pr\u00f3prios do munic\u00edpio.<\/p>\n\n\n\n<p>At\u00e9 o meio dia desta quinta-feira (05), a Fenasoja 2024 teve mais de 150 mil visitantes e a expectativa para esta sexta-feira (06), \u00e9 de que mais de 50 mil pessoas visitem o parque. Com uma programa\u00e7\u00e3o variada e repleta de atividades, esta edi\u00e7\u00e3o celebra tamb\u00e9m os 100 anos da soja no Brasil, sendo assim, uma edi\u00e7\u00e3o hist\u00f3rica da maior feira multissetorial do Brasil.<\/p>\n","protected":false},"excerpt":{"rendered":"<p>A 24\u00aa edi\u00e7\u00e3o da Fenasoja iniciou no dia 29 de novembro e vai at\u00e9 o pr\u00f3ximo domingo dia 08 de<\/p>\n","protected":false},"author":6,"featured_media":12070,"comment_status":"closed","ping_status":"open","sticky":false,"template":"","format":"standard","meta":{"footnotes":""},"categories":[4,15],"tags":[],"class_list":["post-12068","post","type-post","status-publish","format-standard","has-post-thumbnail","hentry","category-noticias","category-secretaria-municipal-de-comunicacao"],"aioseo_notices":[],"_links":{"self":[{"href":"https:\/\/prefeitura.santarosa.rs.gov.br\/index.php?rest_route=\/wp\/v2\/posts\/12068","targetHints":{"allow":["GET"]}}],"collection":[{"href":"https:\/\/prefeitura.santarosa.rs.gov.br\/index.php?rest_route=\/wp\/v2\/posts"}],"about":[{"href":"https:\/\/prefeitura.santarosa.rs.gov.br\/index.php?rest_route=\/wp\/v2\/types\/post"}],"author":[{"embeddable":true,"href":"https:\/\/prefeitura.santarosa.rs.gov.br\/index.php?rest_route=\/wp\/v2\/users\/6"}],"replies":[{"embeddable":true,"href":"https:\/\/prefeitura.santarosa.rs.gov.br\/index.php?rest_route=%2Fwp%2Fv2%2Fcomments&post=12068"}],"version-history":[{"count":2,"href":"https:\/\/prefeitura.santarosa.rs.gov.br\/index.php?rest_route=\/wp\/v2\/posts\/12068\/revisions"}],"predecessor-version":[{"id":12072,"href":"https:\/\/prefeitura.santarosa.rs.gov.br\/index.php?rest_route=\/wp\/v2\/posts\/12068\/revisions\/12072"}],"wp:featuredmedia":[{"embeddable":true,"href":"https:\/\/prefeitura.santarosa.rs.gov.br\/index.php?rest_route=\/wp\/v2\/media\/12070"}],"wp:attachment":[{"href":"https:\/\/prefeitura.santarosa.rs.gov.br\/index.php?rest_route=%2Fwp%2Fv2%2Fmedia&parent=12068"}],"wp:term":[{"taxonomy":"category","embeddable":true,"href":"https:\/\/prefeitura.santarosa.rs.gov.br\/index.php?rest_route=%2Fwp%2Fv2%2Fcategories&post=12068"},{"taxonomy":"post_tag","embeddable":true,"href":"https:\/\/prefeitura.santarosa.rs.gov.br\/index.php?rest_route=%2Fwp%2Fv2%2Ftags&post=12068"}],"curies":[{"name":"wp","href":"https:\/\/api.w.org\/{rel}","templated":true}]}}