{"id":12063,"date":"2024-12-05T17:01:04","date_gmt":"2024-12-05T20:01:04","guid":{"rendered":"https:\/\/prefeitura.santarosa.rs.gov.br\/?p=12063"},"modified":"2024-12-05T17:01:04","modified_gmt":"2024-12-05T20:01:04","slug":"cerro-grande-e-contemplada-com-melhorias-no-salao-da-comunidade","status":"publish","type":"post","link":"https:\/\/prefeitura.santarosa.rs.gov.br\/?p=12063","title":{"rendered":"Cerro Grande \u00e9 contemplada com melhorias no sal\u00e3o da comunidade"},"content":{"rendered":"\n<figure class=\"wp-block-image size-full\"><img fetchpriority=\"high\" decoding=\"async\" width=\"860\" height=\"645\" src=\"https:\/\/prefeitura.santarosa.rs.gov.br\/wp-content\/uploads\/2024\/12\/Formato-Site-e-Portal-860X645-JPG-21.jpg\" alt=\"\" class=\"wp-image-12064\" srcset=\"https:\/\/prefeitura.santarosa.rs.gov.br\/wp-content\/uploads\/2024\/12\/Formato-Site-e-Portal-860X645-JPG-21.jpg 860w, https:\/\/prefeitura.santarosa.rs.gov.br\/wp-content\/uploads\/2024\/12\/Formato-Site-e-Portal-860X645-JPG-21-300x225.jpg 300w, https:\/\/prefeitura.santarosa.rs.gov.br\/wp-content\/uploads\/2024\/12\/Formato-Site-e-Portal-860X645-JPG-21-768x576.jpg 768w\" sizes=\"(max-width: 860px) 100vw, 860px\" \/><\/figure>\n\n\n\n<p>O prefeito Anderson Mantei assinou nesta quinta-feira (05), a ordem de in\u00edcio para a execu\u00e7\u00e3o da cobertura met\u00e1lica do Sal\u00e3o da Comunidade de Cerro Grande, interior de Santa Rosa. O ato aconteceu no 7\u00ba dia da Fenasoja no Parque de Exposi\u00e7\u00f5es Alfredo Leandro Carlson. Mais de R$ 250 mil de recursos pr\u00f3prios do munic\u00edpio ser\u00e3o investidos no local.<\/p>\n\n\n\n<p>A \u00e1rea de interven\u00e7\u00e3o ser\u00e1 de 652,37 metros quadrados e o prazo de execu\u00e7\u00e3o de 120 dias. O projeto inclui a execu\u00e7\u00e3o de funda\u00e7\u00f5es, pilares, vigas e cobertura met\u00e1lica, al\u00e9m do fechamento lateral da edifica\u00e7\u00e3o em alvenaria. Moradores da comunidade estavam presentes durante a assinatura. Nerci Reggiori, presidente da Associa\u00e7\u00e3o de Moradores de Cerro Grande, destacou a import\u00e2ncia da obra para a popula\u00e7\u00e3o local, &#8220;Essa obra significa muito para a nossa comunidade. Se n\u00e3o fosse a ajuda do prefeito e da prefeitura, nunca conseguir\u00edamos fazer essas melhorias. Somos gratos a todos que est\u00e3o se empenhando, inclusive aos moradores, que est\u00e3o ajudando a reerguer o sal\u00e3o ap\u00f3s o temporal que destruiu a estrutura no ano passado. Agora, com o apoio da prefeitura, poderemos realizar novamente nossos eventos e festas. Para n\u00f3s, isso \u00e9 uma b\u00ean\u00e7\u00e3o de Deus&#8221;.<\/p>\n\n\n\n<p>A comunidade de Cerro Grande est\u00e1 situada pr\u00f3xima ao Lajeado Tarum\u00e3 e conta com cerca de 50 moradores. O prefeito Anderson Mantei falou que esta \u00e9 mais uma demanda da popula\u00e7\u00e3o do interior que est\u00e1 sendo atendida, &#8220;Estamos investindo em infraestrutura para melhorar a qualidade de vida das pessoas da cidade e do interior. A obra no Sal\u00e3o de Cerro Grande \u00e9 um exemplo disso, os moradores v\u00e3o ter um espa\u00e7o para promover eventos e atividades da comunidade&#8221;.<\/p>\n\n\n\n<p>O projeto da obra foi doado ao munic\u00edpio pelo engenheiro civil Rodrigo Henrique Puhl. Estavam presentes no ato de assinatura o vice-prefeito Aldemir Ulrich, o vereador Timirinho, o Secret\u00e1rio de Planejamento e Habita\u00e7\u00e3o, Cl\u00e1udio Franke, o engenheiro Cristian Picolo, o diretor de Planejamento Urbano, Lu\u00eds Fernando Marzari, e a diretora de Capta\u00e7\u00e3o e Recursos, Caliandra Perini.<\/p>\n","protected":false},"excerpt":{"rendered":"<p>O prefeito Anderson Mantei assinou nesta quinta-feira (05), a ordem de in\u00edcio para a execu\u00e7\u00e3o da cobertura met\u00e1lica do Sal\u00e3o<\/p>\n","protected":false},"author":6,"featured_media":12065,"comment_status":"closed","ping_status":"open","sticky":false,"template":"","format":"standard","meta":{"footnotes":""},"categories":[4,22],"tags":[],"class_list":["post-12063","post","type-post","status-publish","format-standard","has-post-thumbnail","hentry","category-noticias","category-secretaria-municipal-de-planejamento-e-habitacao"],"aioseo_notices":[],"_links":{"self":[{"href":"https:\/\/prefeitura.santarosa.rs.gov.br\/index.php?rest_route=\/wp\/v2\/posts\/12063","targetHints":{"allow":["GET"]}}],"collection":[{"href":"https:\/\/prefeitura.santarosa.rs.gov.br\/index.php?rest_route=\/wp\/v2\/posts"}],"about":[{"href":"https:\/\/prefeitura.santarosa.rs.gov.br\/index.php?rest_route=\/wp\/v2\/types\/post"}],"author":[{"embeddable":true,"href":"https:\/\/prefeitura.santarosa.rs.gov.br\/index.php?rest_route=\/wp\/v2\/users\/6"}],"replies":[{"embeddable":true,"href":"https:\/\/prefeitura.santarosa.rs.gov.br\/index.php?rest_route=%2Fwp%2Fv2%2Fcomments&post=12063"}],"version-history":[{"count":1,"href":"https:\/\/prefeitura.santarosa.rs.gov.br\/index.php?rest_route=\/wp\/v2\/posts\/12063\/revisions"}],"predecessor-version":[{"id":12066,"href":"https:\/\/prefeitura.santarosa.rs.gov.br\/index.php?rest_route=\/wp\/v2\/posts\/12063\/revisions\/12066"}],"wp:featuredmedia":[{"embeddable":true,"href":"https:\/\/prefeitura.santarosa.rs.gov.br\/index.php?rest_route=\/wp\/v2\/media\/12065"}],"wp:attachment":[{"href":"https:\/\/prefeitura.santarosa.rs.gov.br\/index.php?rest_route=%2Fwp%2Fv2%2Fmedia&parent=12063"}],"wp:term":[{"taxonomy":"category","embeddable":true,"href":"https:\/\/prefeitura.santarosa.rs.gov.br\/index.php?rest_route=%2Fwp%2Fv2%2Fcategories&post=12063"},{"taxonomy":"post_tag","embeddable":true,"href":"https:\/\/prefeitura.santarosa.rs.gov.br\/index.php?rest_route=%2Fwp%2Fv2%2Ftags&post=12063"}],"curies":[{"name":"wp","href":"https:\/\/api.w.org\/{rel}","templated":true}]}}