{"id":12037,"date":"2024-12-03T14:29:16","date_gmt":"2024-12-03T17:29:16","guid":{"rendered":"https:\/\/prefeitura.santarosa.rs.gov.br\/?p=12037"},"modified":"2024-12-03T14:29:17","modified_gmt":"2024-12-03T17:29:17","slug":"mais-de-r-2-milhoes-em-obras-de-pavimentacao","status":"publish","type":"post","link":"https:\/\/prefeitura.santarosa.rs.gov.br\/?p=12037","title":{"rendered":"Mais de R$ 2 milh\u00f5es em obras de pavimenta\u00e7\u00e3o"},"content":{"rendered":"\n<figure class=\"wp-block-image size-full\"><img fetchpriority=\"high\" decoding=\"async\" width=\"968\" height=\"726\" src=\"https:\/\/prefeitura.santarosa.rs.gov.br\/wp-content\/uploads\/2024\/12\/Formato-Site-e-Portal-860X645-JPG-14.jpg\" alt=\"\" class=\"wp-image-12038\" srcset=\"https:\/\/prefeitura.santarosa.rs.gov.br\/wp-content\/uploads\/2024\/12\/Formato-Site-e-Portal-860X645-JPG-14.jpg 968w, https:\/\/prefeitura.santarosa.rs.gov.br\/wp-content\/uploads\/2024\/12\/Formato-Site-e-Portal-860X645-JPG-14-300x225.jpg 300w, https:\/\/prefeitura.santarosa.rs.gov.br\/wp-content\/uploads\/2024\/12\/Formato-Site-e-Portal-860X645-JPG-14-768x576.jpg 768w\" sizes=\"(max-width: 968px) 100vw, 968px\" \/><\/figure>\n\n\n\n<p>Na tarde desta segunda-feira (02), o prefeito Anderson Mantei assinou quatro importantes ordens de in\u00edcio para Santa Rosa. Um investimento superior a R$ 2 milh\u00f5es. As obras de pavimenta\u00e7\u00e3o asf\u00e1ltica contemplam os bairros Planalto e Centro.<\/p>\n\n\n\n<p>No bairro Planalto, ser\u00e3o pavimentadas: a Rua Esp\u00edrito Santo (entre a Rua Jo\u00e3o Straub e o final da via, no sentido leste), a Rua Jo\u00e3o Straub (entre a Rua Esp\u00edrito Santo e o final da via, no sentido sul) e a Rua Guanabara (entre a Rua Sinval Saldanha e a Rua Recife). No centro, a Rua Coelho Neto vai ser contemplada com melhorias entre a Rua Sergipe e a Rua Euclides da Cunha. O prefeito Anderson Mantei enfatizou a import\u00e2ncia dessas melhorias para a infraestrutura da cidade, \u201cOs investimentos n\u00e3o param em Santa Rosa. Queremos dar continuidade ao trabalho de infraestrutura que vem sendo realizado nos bairros para auxiliar na mobilidade urbana e promover ainda mais, o desenvolvimento do munic\u00edpio\u201d.<\/p>\n\n\n\n<p>O prazo de execu\u00e7\u00e3o das obras ser\u00e1 de 90 dias conforme o contrato, com exce\u00e7\u00e3o da Rua Esp\u00edrito Santo que tem o prazo de 150 dias. Os projetos contemplam tamb\u00e9m servi\u00e7os complementares de execu\u00e7\u00e3o de rede de drenagem, meio-fio e sarjeta em concreto, rampas de acessibilidade, nivelamento de tampas da Aegea\/Corsan, al\u00e9m de sinaliza\u00e7\u00e3o horizontal e vertical. Estiveram presentes durante a assinatura das ordens de in\u00edcio, o presidente da Fenasoja 2024, D\u00e1rio Germano, a engenheira da Prefeitura, Caliandra Perini, e o representante da empresa respons\u00e1vel pela execu\u00e7\u00e3o das obras.<\/p>\n","protected":false},"excerpt":{"rendered":"<p>Na tarde desta segunda-feira (02), o prefeito Anderson Mantei assinou quatro importantes ordens de in\u00edcio para Santa Rosa. Um investimento<\/p>\n","protected":false},"author":6,"featured_media":12039,"comment_status":"closed","ping_status":"open","sticky":false,"template":"","format":"standard","meta":{"footnotes":""},"categories":[4,22],"tags":[],"class_list":["post-12037","post","type-post","status-publish","format-standard","has-post-thumbnail","hentry","category-noticias","category-secretaria-municipal-de-planejamento-e-habitacao"],"aioseo_notices":[],"_links":{"self":[{"href":"https:\/\/prefeitura.santarosa.rs.gov.br\/index.php?rest_route=\/wp\/v2\/posts\/12037","targetHints":{"allow":["GET"]}}],"collection":[{"href":"https:\/\/prefeitura.santarosa.rs.gov.br\/index.php?rest_route=\/wp\/v2\/posts"}],"about":[{"href":"https:\/\/prefeitura.santarosa.rs.gov.br\/index.php?rest_route=\/wp\/v2\/types\/post"}],"author":[{"embeddable":true,"href":"https:\/\/prefeitura.santarosa.rs.gov.br\/index.php?rest_route=\/wp\/v2\/users\/6"}],"replies":[{"embeddable":true,"href":"https:\/\/prefeitura.santarosa.rs.gov.br\/index.php?rest_route=%2Fwp%2Fv2%2Fcomments&post=12037"}],"version-history":[{"count":1,"href":"https:\/\/prefeitura.santarosa.rs.gov.br\/index.php?rest_route=\/wp\/v2\/posts\/12037\/revisions"}],"predecessor-version":[{"id":12040,"href":"https:\/\/prefeitura.santarosa.rs.gov.br\/index.php?rest_route=\/wp\/v2\/posts\/12037\/revisions\/12040"}],"wp:featuredmedia":[{"embeddable":true,"href":"https:\/\/prefeitura.santarosa.rs.gov.br\/index.php?rest_route=\/wp\/v2\/media\/12039"}],"wp:attachment":[{"href":"https:\/\/prefeitura.santarosa.rs.gov.br\/index.php?rest_route=%2Fwp%2Fv2%2Fmedia&parent=12037"}],"wp:term":[{"taxonomy":"category","embeddable":true,"href":"https:\/\/prefeitura.santarosa.rs.gov.br\/index.php?rest_route=%2Fwp%2Fv2%2Fcategories&post=12037"},{"taxonomy":"post_tag","embeddable":true,"href":"https:\/\/prefeitura.santarosa.rs.gov.br\/index.php?rest_route=%2Fwp%2Fv2%2Ftags&post=12037"}],"curies":[{"name":"wp","href":"https:\/\/api.w.org\/{rel}","templated":true}]}}