{"id":12033,"date":"2024-12-03T14:09:06","date_gmt":"2024-12-03T17:09:06","guid":{"rendered":"https:\/\/prefeitura.santarosa.rs.gov.br\/?p=12033"},"modified":"2024-12-03T14:09:06","modified_gmt":"2024-12-03T17:09:06","slug":"emef-erico-verissimo-tem-nova-quadra-poliesportiva","status":"publish","type":"post","link":"https:\/\/prefeitura.santarosa.rs.gov.br\/?p=12033","title":{"rendered":"EMEF \u00c9rico Ver\u00edssimo tem nova quadra poliesportiva"},"content":{"rendered":"\n<figure class=\"wp-block-image size-full\"><img fetchpriority=\"high\" decoding=\"async\" width=\"968\" height=\"726\" src=\"https:\/\/prefeitura.santarosa.rs.gov.br\/wp-content\/uploads\/2024\/12\/Formato-Site-e-Portal-860X645-JPG-15.jpg\" alt=\"\" class=\"wp-image-12034\" srcset=\"https:\/\/prefeitura.santarosa.rs.gov.br\/wp-content\/uploads\/2024\/12\/Formato-Site-e-Portal-860X645-JPG-15.jpg 968w, https:\/\/prefeitura.santarosa.rs.gov.br\/wp-content\/uploads\/2024\/12\/Formato-Site-e-Portal-860X645-JPG-15-300x225.jpg 300w, https:\/\/prefeitura.santarosa.rs.gov.br\/wp-content\/uploads\/2024\/12\/Formato-Site-e-Portal-860X645-JPG-15-768x576.jpg 768w\" sizes=\"(max-width: 968px) 100vw, 968px\" \/><\/figure>\n\n\n\n<p>A obra da quadra poliesportiva da EMEF \u00c9rico Ver\u00edssimo, localizada no interior de Santa Rosa, foi conclu\u00edda. O projeto, que contou com um investimento de R$ 520.392,97, foi executado com recursos pr\u00f3prios do munic\u00edpio. A quadra, agora finalizada, possui uma \u00e1rea de 600 metros quadrados e foi constru\u00edda em concreto polido, com cobertura met\u00e1lica, proporcionando uma estrutura moderna e segura para os alunos e a comunidade.<\/p>\n\n\n\n<p>A quadra, al\u00e9m de ser utilizada para as aulas de educa\u00e7\u00e3o f\u00edsica, vai poder ser ocupada tamb\u00e9m em dias de chuva, para eventos gerais da escola e da comunidade. A Secret\u00e1ria de Educa\u00e7\u00e3o e Cultura, Josyane Heck, destacou que essa \u00e9 uma importante melhoria para os alunos atendidos na EMEF, &#8220;A nova quadra vai oferecer uma infraestrutura de qualidade para a educa\u00e7\u00e3o f\u00edsica dos nossos alunos e para diversas outras atividades da comunidade. Estamos muito felizes em poder entregar este espa\u00e7o, que representa um grande avan\u00e7o para a educa\u00e7\u00e3o no interior do nosso munic\u00edpio&#8221;.<\/p>\n\n\n\n<p>A EMEF \u00c9rico Ver\u00edssimo est\u00e1 localizada na Vila Bela Uni\u00e3o e atende atualmente, 136 alunos matriculados em turmas de pr\u00e9-escola ao 9\u00ba ano.<\/p>\n","protected":false},"excerpt":{"rendered":"<p>A obra da quadra poliesportiva da EMEF \u00c9rico Ver\u00edssimo, localizada no interior de Santa Rosa, foi conclu\u00edda. O projeto, que<\/p>\n","protected":false},"author":6,"featured_media":12035,"comment_status":"closed","ping_status":"open","sticky":false,"template":"","format":"standard","meta":{"footnotes":""},"categories":[4,18,22],"tags":[],"class_list":["post-12033","post","type-post","status-publish","format-standard","has-post-thumbnail","hentry","category-noticias","category-secretaria-municipal-de-educacao-e-cultura","category-secretaria-municipal-de-planejamento-e-habitacao"],"aioseo_notices":[],"_links":{"self":[{"href":"https:\/\/prefeitura.santarosa.rs.gov.br\/index.php?rest_route=\/wp\/v2\/posts\/12033","targetHints":{"allow":["GET"]}}],"collection":[{"href":"https:\/\/prefeitura.santarosa.rs.gov.br\/index.php?rest_route=\/wp\/v2\/posts"}],"about":[{"href":"https:\/\/prefeitura.santarosa.rs.gov.br\/index.php?rest_route=\/wp\/v2\/types\/post"}],"author":[{"embeddable":true,"href":"https:\/\/prefeitura.santarosa.rs.gov.br\/index.php?rest_route=\/wp\/v2\/users\/6"}],"replies":[{"embeddable":true,"href":"https:\/\/prefeitura.santarosa.rs.gov.br\/index.php?rest_route=%2Fwp%2Fv2%2Fcomments&post=12033"}],"version-history":[{"count":1,"href":"https:\/\/prefeitura.santarosa.rs.gov.br\/index.php?rest_route=\/wp\/v2\/posts\/12033\/revisions"}],"predecessor-version":[{"id":12036,"href":"https:\/\/prefeitura.santarosa.rs.gov.br\/index.php?rest_route=\/wp\/v2\/posts\/12033\/revisions\/12036"}],"wp:featuredmedia":[{"embeddable":true,"href":"https:\/\/prefeitura.santarosa.rs.gov.br\/index.php?rest_route=\/wp\/v2\/media\/12035"}],"wp:attachment":[{"href":"https:\/\/prefeitura.santarosa.rs.gov.br\/index.php?rest_route=%2Fwp%2Fv2%2Fmedia&parent=12033"}],"wp:term":[{"taxonomy":"category","embeddable":true,"href":"https:\/\/prefeitura.santarosa.rs.gov.br\/index.php?rest_route=%2Fwp%2Fv2%2Fcategories&post=12033"},{"taxonomy":"post_tag","embeddable":true,"href":"https:\/\/prefeitura.santarosa.rs.gov.br\/index.php?rest_route=%2Fwp%2Fv2%2Ftags&post=12033"}],"curies":[{"name":"wp","href":"https:\/\/api.w.org\/{rel}","templated":true}]}}