{"id":12029,"date":"2024-12-03T11:31:06","date_gmt":"2024-12-03T14:31:06","guid":{"rendered":"https:\/\/prefeitura.santarosa.rs.gov.br\/?p=12029"},"modified":"2024-12-03T11:31:07","modified_gmt":"2024-12-03T14:31:07","slug":"prefeito-anderson-recebe-placa-com-decreto-que-declara-santa-rosa-cidade-irma-de-taquari","status":"publish","type":"post","link":"https:\/\/prefeitura.santarosa.rs.gov.br\/?p=12029","title":{"rendered":"Prefeito Anderson recebe placa com decreto que declara Santa Rosa cidade-irm\u00e3 de Taquari"},"content":{"rendered":"\n<figure class=\"wp-block-image size-full\"><img fetchpriority=\"high\" decoding=\"async\" width=\"860\" height=\"645\" src=\"https:\/\/prefeitura.santarosa.rs.gov.br\/wp-content\/uploads\/2024\/12\/Formato-Site-e-Portal-860X645-JPG-17.jpg\" alt=\"\" class=\"wp-image-12030\" srcset=\"https:\/\/prefeitura.santarosa.rs.gov.br\/wp-content\/uploads\/2024\/12\/Formato-Site-e-Portal-860X645-JPG-17.jpg 860w, https:\/\/prefeitura.santarosa.rs.gov.br\/wp-content\/uploads\/2024\/12\/Formato-Site-e-Portal-860X645-JPG-17-300x225.jpg 300w, https:\/\/prefeitura.santarosa.rs.gov.br\/wp-content\/uploads\/2024\/12\/Formato-Site-e-Portal-860X645-JPG-17-768x576.jpg 768w\" sizes=\"(max-width: 860px) 100vw, 860px\" \/><\/figure>\n\n\n\n<p>O quinto dia da Fenasoja 2024 iniciou com uma importante homenagem para Santa Rosa. A comitiva de Taquari, liderada pelo prefeito Andr\u00e9 Brito, entregou ao prefeito Anderson Mantei e ao vice-prefeito Aldemir Ulrich, uma placa com um decreto que declara Santa Rosa cidade-irm\u00e3 de Taquari. A entrega aconteceu durante o Painel do Centen\u00e1rio da Soja no Parque de Exposi\u00e7\u00f5es.<\/p>\n\n\n\n<p>Emocionado, o prefeito de Taquari, Andr\u00e9 Brito, agradeceu ao povo santa-rosense pela solidariedade e empatia que tiveram com o munic\u00edpio em um dos momentos mais dif\u00edceis enfrentados pelos taquarienses, \u201cN\u00f3s estamos aqui hoje para dizer que Taquari leva o nome de Santa Rosa por onde for. Santa Rosa \u00e9 nossa irm\u00e3 de cora\u00e7\u00e3o que surgiu em um dos momentos mais dif\u00edceis da nossa hist\u00f3ria. L\u00e1 em Taquari, tem um povo e uma cidade que ama Santa Rosa e \u00e9 grata por tudo o que voc\u00eas fizeram por n\u00f3s\u201d. Andr\u00e9 que estava acompanhado de vereadores, tamb\u00e9m aproveitou a oportunidade para convidar as autoridades presentes para um evento de natal que ser\u00e1 realizado em Taquari.<\/p>\n\n\n\n<p>O vice-prefeito de Santa Rosa, Aldemir Ulrich, falou em nome do munic\u00edpio, agradeceu a homenagem e aceitou o convite, refor\u00e7ando que Santa Rosa tamb\u00e9m ir\u00e1 emitir um decreto de irmandade com o munic\u00edpio, \u201cN\u00f3s acolhemos Taquari em um momento que todo o Rio Grande do Sul passava por uma das maiores trag\u00e9dias do Estado. Mas hoje, estamos aqui para dizer, que vamos ajudar n\u00e3o s\u00f3 nos momentos de dificuldade, mas sim, que estamos \u00e0 disposi\u00e7\u00e3o para auxiliar no crescimento e desenvolvimento dessa cidade t\u00e3o querida que \u00e9 Taquari\u201d.<\/p>\n\n\n\n<p>Ap\u00f3s a homenagem, o painelista Alexandre Lima Nepomuceno, Chefe Geral da Embrapa Soja, abordou o tema: &#8220;Import\u00e2ncia da EMBRAPA no Legado e Futuro da Soja Brasileira&#8221;.<\/p>\n","protected":false},"excerpt":{"rendered":"<p>O quinto dia da Fenasoja 2024 iniciou com uma importante homenagem para Santa Rosa. A comitiva de Taquari, liderada pelo<\/p>\n","protected":false},"author":6,"featured_media":12031,"comment_status":"closed","ping_status":"open","sticky":false,"template":"","format":"standard","meta":{"footnotes":""},"categories":[4,3,9],"tags":[],"class_list":["post-12029","post","type-post","status-publish","format-standard","has-post-thumbnail","hentry","category-noticias","category-gabinete-do-prefeito","category-gabinete-do-vice-prefeito"],"aioseo_notices":[],"_links":{"self":[{"href":"https:\/\/prefeitura.santarosa.rs.gov.br\/index.php?rest_route=\/wp\/v2\/posts\/12029","targetHints":{"allow":["GET"]}}],"collection":[{"href":"https:\/\/prefeitura.santarosa.rs.gov.br\/index.php?rest_route=\/wp\/v2\/posts"}],"about":[{"href":"https:\/\/prefeitura.santarosa.rs.gov.br\/index.php?rest_route=\/wp\/v2\/types\/post"}],"author":[{"embeddable":true,"href":"https:\/\/prefeitura.santarosa.rs.gov.br\/index.php?rest_route=\/wp\/v2\/users\/6"}],"replies":[{"embeddable":true,"href":"https:\/\/prefeitura.santarosa.rs.gov.br\/index.php?rest_route=%2Fwp%2Fv2%2Fcomments&post=12029"}],"version-history":[{"count":1,"href":"https:\/\/prefeitura.santarosa.rs.gov.br\/index.php?rest_route=\/wp\/v2\/posts\/12029\/revisions"}],"predecessor-version":[{"id":12032,"href":"https:\/\/prefeitura.santarosa.rs.gov.br\/index.php?rest_route=\/wp\/v2\/posts\/12029\/revisions\/12032"}],"wp:featuredmedia":[{"embeddable":true,"href":"https:\/\/prefeitura.santarosa.rs.gov.br\/index.php?rest_route=\/wp\/v2\/media\/12031"}],"wp:attachment":[{"href":"https:\/\/prefeitura.santarosa.rs.gov.br\/index.php?rest_route=%2Fwp%2Fv2%2Fmedia&parent=12029"}],"wp:term":[{"taxonomy":"category","embeddable":true,"href":"https:\/\/prefeitura.santarosa.rs.gov.br\/index.php?rest_route=%2Fwp%2Fv2%2Fcategories&post=12029"},{"taxonomy":"post_tag","embeddable":true,"href":"https:\/\/prefeitura.santarosa.rs.gov.br\/index.php?rest_route=%2Fwp%2Fv2%2Ftags&post=12029"}],"curies":[{"name":"wp","href":"https:\/\/api.w.org\/{rel}","templated":true}]}}