{"id":12010,"date":"2024-12-02T10:31:43","date_gmt":"2024-12-02T13:31:43","guid":{"rendered":"https:\/\/prefeitura.santarosa.rs.gov.br\/?p=12010"},"modified":"2024-12-02T10:31:43","modified_gmt":"2024-12-02T13:31:43","slug":"painel-do-centenario-da-soja-e-destaque-no-4o-dia-da-feira","status":"publish","type":"post","link":"https:\/\/prefeitura.santarosa.rs.gov.br\/?p=12010","title":{"rendered":"Painel do Centen\u00e1rio da Soja \u00e9 destaque no 4\u00ba dia da feira"},"content":{"rendered":"\n<figure class=\"wp-block-image size-full\"><img fetchpriority=\"high\" decoding=\"async\" width=\"860\" height=\"645\" src=\"https:\/\/prefeitura.santarosa.rs.gov.br\/wp-content\/uploads\/2024\/12\/Formato-Site-e-Portal-860X645-JPG-13.jpg\" alt=\"\" class=\"wp-image-12011\" srcset=\"https:\/\/prefeitura.santarosa.rs.gov.br\/wp-content\/uploads\/2024\/12\/Formato-Site-e-Portal-860X645-JPG-13.jpg 860w, https:\/\/prefeitura.santarosa.rs.gov.br\/wp-content\/uploads\/2024\/12\/Formato-Site-e-Portal-860X645-JPG-13-300x225.jpg 300w, https:\/\/prefeitura.santarosa.rs.gov.br\/wp-content\/uploads\/2024\/12\/Formato-Site-e-Portal-860X645-JPG-13-768x576.jpg 768w\" sizes=\"(max-width: 860px) 100vw, 860px\" \/><\/figure>\n\n\n\n<p>A Fenasoja 2024 segue com uma programa\u00e7\u00e3o repleta de importantes eventos e palestras. O 4\u00ba dia da feira iniciou com o Painel do Centen\u00e1rio da Soja, com temas sobre inova\u00e7\u00e3o e tecnologia no campo. Nesta segunda-feira (02), o CEO da SLC Agr\u00edcola, Aur\u00e9lio Pavinatto, foi o palestrante convidado, abordando o tema \u201cLideran\u00e7a e Inova\u00e7\u00e3o no Campo atrav\u00e9s da Soja\u201d.<\/p>\n\n\n\n<p>A palestra contou com a presen\u00e7a de autoridades, membros da comiss\u00e3o organizadora e expositores da feira, que foram recepcionados com um caf\u00e9 da manh\u00e3. Outras importantes atividades ser\u00e3o realizadas ainda no dia de hoje, entre elas, uma homenagem aos Pioneiros da Soja no Brasil e o lan\u00e7amento do Livro dos 100 Anos da Soja no pa\u00eds. A Fenasoja 2024 segue at\u00e9 o dia 08 de dezembro, no Parque de Exposi\u00e7\u00f5es Alfredo Leandro Carlson.<\/p>\n","protected":false},"excerpt":{"rendered":"<p>A Fenasoja 2024 segue com uma programa\u00e7\u00e3o repleta de importantes eventos e palestras. O 4\u00ba dia da feira iniciou com<\/p>\n","protected":false},"author":6,"featured_media":12012,"comment_status":"closed","ping_status":"open","sticky":false,"template":"","format":"standard","meta":{"footnotes":""},"categories":[4,3],"tags":[],"class_list":["post-12010","post","type-post","status-publish","format-standard","has-post-thumbnail","hentry","category-noticias","category-gabinete-do-prefeito"],"aioseo_notices":[],"_links":{"self":[{"href":"https:\/\/prefeitura.santarosa.rs.gov.br\/index.php?rest_route=\/wp\/v2\/posts\/12010","targetHints":{"allow":["GET"]}}],"collection":[{"href":"https:\/\/prefeitura.santarosa.rs.gov.br\/index.php?rest_route=\/wp\/v2\/posts"}],"about":[{"href":"https:\/\/prefeitura.santarosa.rs.gov.br\/index.php?rest_route=\/wp\/v2\/types\/post"}],"author":[{"embeddable":true,"href":"https:\/\/prefeitura.santarosa.rs.gov.br\/index.php?rest_route=\/wp\/v2\/users\/6"}],"replies":[{"embeddable":true,"href":"https:\/\/prefeitura.santarosa.rs.gov.br\/index.php?rest_route=%2Fwp%2Fv2%2Fcomments&post=12010"}],"version-history":[{"count":1,"href":"https:\/\/prefeitura.santarosa.rs.gov.br\/index.php?rest_route=\/wp\/v2\/posts\/12010\/revisions"}],"predecessor-version":[{"id":12013,"href":"https:\/\/prefeitura.santarosa.rs.gov.br\/index.php?rest_route=\/wp\/v2\/posts\/12010\/revisions\/12013"}],"wp:featuredmedia":[{"embeddable":true,"href":"https:\/\/prefeitura.santarosa.rs.gov.br\/index.php?rest_route=\/wp\/v2\/media\/12012"}],"wp:attachment":[{"href":"https:\/\/prefeitura.santarosa.rs.gov.br\/index.php?rest_route=%2Fwp%2Fv2%2Fmedia&parent=12010"}],"wp:term":[{"taxonomy":"category","embeddable":true,"href":"https:\/\/prefeitura.santarosa.rs.gov.br\/index.php?rest_route=%2Fwp%2Fv2%2Fcategories&post=12010"},{"taxonomy":"post_tag","embeddable":true,"href":"https:\/\/prefeitura.santarosa.rs.gov.br\/index.php?rest_route=%2Fwp%2Fv2%2Ftags&post=12010"}],"curies":[{"name":"wp","href":"https:\/\/api.w.org\/{rel}","templated":true}]}}