{"id":11948,"date":"2024-12-01T13:56:18","date_gmt":"2024-12-01T16:56:18","guid":{"rendered":"https:\/\/prefeitura.santarosa.rs.gov.br\/?p=11948"},"modified":"2024-12-01T13:56:19","modified_gmt":"2024-12-01T16:56:19","slug":"inauguracao-do-marco-zero-da-soja-no-brasil-e-realizado-em-santa-rosa","status":"publish","type":"post","link":"https:\/\/prefeitura.santarosa.rs.gov.br\/?p=11948","title":{"rendered":"Inaugura\u00e7\u00e3o do Marco Zero da Soja no Brasil \u00e9 realizado em Santa Rosa"},"content":{"rendered":"\n<figure class=\"wp-block-image size-full\"><img fetchpriority=\"high\" decoding=\"async\" width=\"968\" height=\"726\" src=\"https:\/\/prefeitura.santarosa.rs.gov.br\/wp-content\/uploads\/2024\/12\/Formato-Site-e-Portal-860X645-JPG-12.jpg\" alt=\"\" class=\"wp-image-11949\" srcset=\"https:\/\/prefeitura.santarosa.rs.gov.br\/wp-content\/uploads\/2024\/12\/Formato-Site-e-Portal-860X645-JPG-12.jpg 968w, https:\/\/prefeitura.santarosa.rs.gov.br\/wp-content\/uploads\/2024\/12\/Formato-Site-e-Portal-860X645-JPG-12-300x225.jpg 300w, https:\/\/prefeitura.santarosa.rs.gov.br\/wp-content\/uploads\/2024\/12\/Formato-Site-e-Portal-860X645-JPG-12-768x576.jpg 768w\" sizes=\"(max-width: 968px) 100vw, 968px\" \/><\/figure>\n\n\n\n<p>Na manh\u00e3 deste domingo (01\/12), foi realizada a solenidade de inaugura\u00e7\u00e3o do Marco Zero da Soja no Brasil, evento que integra a programa\u00e7\u00e3o oficial da Fenasoja 2024. A cerim\u00f4nia aconteceu na Linha 15 de Novembro, interior de Santa Rosa. A a\u00e7\u00e3o contou com a presen\u00e7a de autoridades, membros da comunidade local e da comiss\u00e3o organizadora da feira.<\/p>\n\n\n\n<p>Um dos momentos mais emocionantes da manh\u00e3 foi a recep\u00e7\u00e3o da fam\u00edlia Lehenbauer, descendentes do pastor norte-americano Albert Lehenbauer, respons\u00e1vel por trazer as primeiras sementes de soja ao Brasil. Em seguida, os presentes participaram de um breve culto em agradecimento e reflex\u00e3o sobre a import\u00e2ncia desse marco na hist\u00f3ria do pa\u00eds. O prefeito Anderson Mantei, em seu discurso, ressaltou a relev\u00e2ncia hist\u00f3rica da soja para a economia brasileira e o impacto que a cultura tem na vida de tantas pessoas no campo, \u201cEste \u00e9 um momento simb\u00f3lico que celebra n\u00e3o apenas o passado, mas tamb\u00e9m o futuro da nossa agricultura e da nossa comunidade. A soja \u00e9 um pilar de desenvolvimento para nossa regi\u00e3o e para o Brasil\u201d.<\/p>\n\n\n\n<p>Ap\u00f3s o culto, as autoridades presentes realizaram o descerramento da placa comemorativa do Marco Zero da Soja no Brasil, celebrando o legado de Albert Lehenbauer e a import\u00e2ncia da cultura da soja para o desenvolvimento da regi\u00e3o e do pa\u00eds. O evento foi seguido de um caf\u00e9 de confraterniza\u00e7\u00e3o, reunindo os participantes em um momento de integra\u00e7\u00e3o. O 3\u00ba dia da Fenasoja 2024 segue at\u00e9 \u00e0s 22h de hoje, com uma intensa programa\u00e7\u00e3o cultural e shows para os visitantes da maior feira multissetorial do Brasil.<\/p>\n","protected":false},"excerpt":{"rendered":"<p>Na manh\u00e3 deste domingo (01\/12), foi realizada a solenidade de inaugura\u00e7\u00e3o do Marco Zero da Soja no Brasil, evento que<\/p>\n","protected":false},"author":6,"featured_media":11950,"comment_status":"closed","ping_status":"open","sticky":false,"template":"","format":"standard","meta":{"footnotes":""},"categories":[4,3],"tags":[],"class_list":["post-11948","post","type-post","status-publish","format-standard","has-post-thumbnail","hentry","category-noticias","category-gabinete-do-prefeito"],"aioseo_notices":[],"_links":{"self":[{"href":"https:\/\/prefeitura.santarosa.rs.gov.br\/index.php?rest_route=\/wp\/v2\/posts\/11948","targetHints":{"allow":["GET"]}}],"collection":[{"href":"https:\/\/prefeitura.santarosa.rs.gov.br\/index.php?rest_route=\/wp\/v2\/posts"}],"about":[{"href":"https:\/\/prefeitura.santarosa.rs.gov.br\/index.php?rest_route=\/wp\/v2\/types\/post"}],"author":[{"embeddable":true,"href":"https:\/\/prefeitura.santarosa.rs.gov.br\/index.php?rest_route=\/wp\/v2\/users\/6"}],"replies":[{"embeddable":true,"href":"https:\/\/prefeitura.santarosa.rs.gov.br\/index.php?rest_route=%2Fwp%2Fv2%2Fcomments&post=11948"}],"version-history":[{"count":1,"href":"https:\/\/prefeitura.santarosa.rs.gov.br\/index.php?rest_route=\/wp\/v2\/posts\/11948\/revisions"}],"predecessor-version":[{"id":11951,"href":"https:\/\/prefeitura.santarosa.rs.gov.br\/index.php?rest_route=\/wp\/v2\/posts\/11948\/revisions\/11951"}],"wp:featuredmedia":[{"embeddable":true,"href":"https:\/\/prefeitura.santarosa.rs.gov.br\/index.php?rest_route=\/wp\/v2\/media\/11950"}],"wp:attachment":[{"href":"https:\/\/prefeitura.santarosa.rs.gov.br\/index.php?rest_route=%2Fwp%2Fv2%2Fmedia&parent=11948"}],"wp:term":[{"taxonomy":"category","embeddable":true,"href":"https:\/\/prefeitura.santarosa.rs.gov.br\/index.php?rest_route=%2Fwp%2Fv2%2Fcategories&post=11948"},{"taxonomy":"post_tag","embeddable":true,"href":"https:\/\/prefeitura.santarosa.rs.gov.br\/index.php?rest_route=%2Fwp%2Fv2%2Ftags&post=11948"}],"curies":[{"name":"wp","href":"https:\/\/api.w.org\/{rel}","templated":true}]}}