{"id":11944,"date":"2024-11-30T17:41:37","date_gmt":"2024-11-30T20:41:37","guid":{"rendered":"https:\/\/prefeitura.santarosa.rs.gov.br\/?p=11944"},"modified":"2024-11-30T17:41:38","modified_gmt":"2024-11-30T20:41:38","slug":"encontro-de-prefeitos-orientacoes-para-encerramento-e-inicio-de-mandato-e-realizado-na-fenasoja","status":"publish","type":"post","link":"https:\/\/prefeitura.santarosa.rs.gov.br\/?p=11944","title":{"rendered":"Encontro de Prefeitos: &#8220;Orienta\u00e7\u00f5es para Encerramento e In\u00edcio de Mandato&#8221; \u00e9 realizado na Fenasoja"},"content":{"rendered":"\n<figure class=\"wp-block-image size-large\"><img fetchpriority=\"high\" decoding=\"async\" width=\"1024\" height=\"768\" src=\"https:\/\/prefeitura.santarosa.rs.gov.br\/wp-content\/uploads\/2024\/11\/Formato-Site-e-Portal-860X645-JPG-10-2-1024x768.jpg\" alt=\"\" class=\"wp-image-11945\" srcset=\"https:\/\/prefeitura.santarosa.rs.gov.br\/wp-content\/uploads\/2024\/11\/Formato-Site-e-Portal-860X645-JPG-10-2-1024x768.jpg 1024w, https:\/\/prefeitura.santarosa.rs.gov.br\/wp-content\/uploads\/2024\/11\/Formato-Site-e-Portal-860X645-JPG-10-2-300x225.jpg 300w, https:\/\/prefeitura.santarosa.rs.gov.br\/wp-content\/uploads\/2024\/11\/Formato-Site-e-Portal-860X645-JPG-10-2-768x576.jpg 768w, https:\/\/prefeitura.santarosa.rs.gov.br\/wp-content\/uploads\/2024\/11\/Formato-Site-e-Portal-860X645-JPG-10-2-1536x1152.jpg 1536w, https:\/\/prefeitura.santarosa.rs.gov.br\/wp-content\/uploads\/2024\/11\/Formato-Site-e-Portal-860X645-JPG-10-2-2048x1536.jpg 2048w\" sizes=\"(max-width: 1024px) 100vw, 1024px\" \/><\/figure>\n\n\n\n<p>O segundo dia da Fenasoja 2024 foi marcado por in\u00fameras atra\u00e7\u00f5es e eventos. Na tarde deste s\u00e1bado (30), foi realizado no Audit\u00f3rio Central, o Encontro de Prefeitos, organizado pela Associa\u00e7\u00e3o dos Munic\u00edpios da Fronteira Noroeste (AMUFRON). A a\u00e7\u00e3o reuniu autoridades de diversos munic\u00edpios da regi\u00e3o que integram a Associa\u00e7\u00e3o dos Munic\u00edpios da Zona Produ\u00e7\u00e3o (AMZOP). O foco do evento foi apresentar diretrizes importantes para o encerramento de mandatos e o in\u00edcio de novas gest\u00f5es, abordando quest\u00f5es cruciais para a administra\u00e7\u00e3o p\u00fablica.<\/p>\n\n\n\n<p>O conselheiro do Tribunal de Contas do Estado (TCE-RS), Marco Peixoto, foi o respons\u00e1vel pela condu\u00e7\u00e3o do evento e ressaltou a import\u00e2ncia do manual \u201cOrienta\u00e7\u00f5es para o Encerramento de Mandato\u201d, recentemente disponibilizado pelo TCE-RS em seu portal. Segundo Peixoto, o manual \u00e9 uma ferramenta essencial para orientar prefeitos e gestores p\u00fablicos, ajudando a garantir a continuidade da boa administra\u00e7\u00e3o e o cumprimento das normas fiscais e legais, \u201cEste manual \u00e9 uma contribui\u00e7\u00e3o significativa para que os gestores possam administrar com corre\u00e7\u00e3o, sempre buscando o melhor para a popula\u00e7\u00e3o e cumprindo suas responsabilidades com transpar\u00eancia e efic\u00e1cia.<\/p>\n\n\n\n<p>O prefeito de Santa Rosa, Anderson Mantei, tamb\u00e9m esteve presente no evento e destacou a import\u00e2ncia da troca de experi\u00eancias entre os gestores municipais, \u201cMomentos como esse s\u00e3o fundamentais para alinharmos boas pr\u00e1ticas administrativas e garantirmos que as novas gest\u00f5es comecem de forma planejada e respons\u00e1vel. Estamos honrados de receber todos aqui na Fenasoja, nesse evento t\u00e3o importante para n\u00f3s gestores\u201d.<\/p>\n\n\n\n<p>O manual do TCE-RS est\u00e1 dispon\u00edvel para consulta no portal do Tribunal e \u00e9 um importante recurso para auxiliar prefeitos e gestores p\u00fablicos no cumprimento das obriga\u00e7\u00f5es legais e fiscais.<\/p>\n","protected":false},"excerpt":{"rendered":"<p>O segundo dia da Fenasoja 2024 foi marcado por in\u00fameras atra\u00e7\u00f5es e eventos. Na tarde deste s\u00e1bado (30), foi realizado<\/p>\n","protected":false},"author":6,"featured_media":11946,"comment_status":"closed","ping_status":"open","sticky":false,"template":"","format":"standard","meta":{"footnotes":""},"categories":[4,3],"tags":[],"class_list":["post-11944","post","type-post","status-publish","format-standard","has-post-thumbnail","hentry","category-noticias","category-gabinete-do-prefeito"],"aioseo_notices":[],"_links":{"self":[{"href":"https:\/\/prefeitura.santarosa.rs.gov.br\/index.php?rest_route=\/wp\/v2\/posts\/11944","targetHints":{"allow":["GET"]}}],"collection":[{"href":"https:\/\/prefeitura.santarosa.rs.gov.br\/index.php?rest_route=\/wp\/v2\/posts"}],"about":[{"href":"https:\/\/prefeitura.santarosa.rs.gov.br\/index.php?rest_route=\/wp\/v2\/types\/post"}],"author":[{"embeddable":true,"href":"https:\/\/prefeitura.santarosa.rs.gov.br\/index.php?rest_route=\/wp\/v2\/users\/6"}],"replies":[{"embeddable":true,"href":"https:\/\/prefeitura.santarosa.rs.gov.br\/index.php?rest_route=%2Fwp%2Fv2%2Fcomments&post=11944"}],"version-history":[{"count":1,"href":"https:\/\/prefeitura.santarosa.rs.gov.br\/index.php?rest_route=\/wp\/v2\/posts\/11944\/revisions"}],"predecessor-version":[{"id":11947,"href":"https:\/\/prefeitura.santarosa.rs.gov.br\/index.php?rest_route=\/wp\/v2\/posts\/11944\/revisions\/11947"}],"wp:featuredmedia":[{"embeddable":true,"href":"https:\/\/prefeitura.santarosa.rs.gov.br\/index.php?rest_route=\/wp\/v2\/media\/11946"}],"wp:attachment":[{"href":"https:\/\/prefeitura.santarosa.rs.gov.br\/index.php?rest_route=%2Fwp%2Fv2%2Fmedia&parent=11944"}],"wp:term":[{"taxonomy":"category","embeddable":true,"href":"https:\/\/prefeitura.santarosa.rs.gov.br\/index.php?rest_route=%2Fwp%2Fv2%2Fcategories&post=11944"},{"taxonomy":"post_tag","embeddable":true,"href":"https:\/\/prefeitura.santarosa.rs.gov.br\/index.php?rest_route=%2Fwp%2Fv2%2Ftags&post=11944"}],"curies":[{"name":"wp","href":"https:\/\/api.w.org\/{rel}","templated":true}]}}