{"id":11940,"date":"2024-11-30T15:03:45","date_gmt":"2024-11-30T18:03:45","guid":{"rendered":"https:\/\/prefeitura.santarosa.rs.gov.br\/?p=11940"},"modified":"2024-11-30T15:03:45","modified_gmt":"2024-11-30T18:03:45","slug":"abertura-oficial-da-fenasoja-2024-aconteceu-neste-sabado","status":"publish","type":"post","link":"https:\/\/prefeitura.santarosa.rs.gov.br\/?p=11940","title":{"rendered":"Abertura oficial da Fenasoja 2024 aconteceu neste s\u00e1bado"},"content":{"rendered":"\n<figure class=\"wp-block-image size-full\"><img fetchpriority=\"high\" decoding=\"async\" width=\"860\" height=\"645\" src=\"https:\/\/prefeitura.santarosa.rs.gov.br\/wp-content\/uploads\/2024\/11\/Formato-Site-e-Portal-860X645-JPG-9-1.jpg\" alt=\"\" class=\"wp-image-11941\" srcset=\"https:\/\/prefeitura.santarosa.rs.gov.br\/wp-content\/uploads\/2024\/11\/Formato-Site-e-Portal-860X645-JPG-9-1.jpg 860w, https:\/\/prefeitura.santarosa.rs.gov.br\/wp-content\/uploads\/2024\/11\/Formato-Site-e-Portal-860X645-JPG-9-1-300x225.jpg 300w, https:\/\/prefeitura.santarosa.rs.gov.br\/wp-content\/uploads\/2024\/11\/Formato-Site-e-Portal-860X645-JPG-9-1-768x576.jpg 768w\" sizes=\"(max-width: 860px) 100vw, 860px\" \/><\/figure>\n\n\n\n<p>Durante a manh\u00e3 deste s\u00e1bado (30), ocorreu a abertura oficial da Fenasoja 2024, no Parque de Exposi\u00e7\u00f5es Alfredo Leandro Carlson. O prefeito Anderson Mantei acompanhou a cerim\u00f4nia que contou com a participa\u00e7\u00e3o de importantes autoridades. Esteve presente o vice-governador do Rio Grande do Sul, Gabriel Souza, ministros, secret\u00e1rios de estado, senadores, deputados, prefeitos, vereadores, empres\u00e1rios e produtores rurais. Comitivas da Argentina e do Paraguai tamb\u00e9m prestigiaram a solenidade.<\/p>\n\n\n\n<p>A Maior Feira Multissetorial do Rio Grande do Sul est\u00e1 em sua 24\u00aa edi\u00e7\u00e3o. O prefeito de Santa Rosa, Anderson Mantei, ressaltou a relev\u00e2ncia desta edi\u00e7\u00e3o que celebra os 100 anos da soja no Brasil, \u201cPrecisamos j\u00e1 pensar nos pr\u00f3ximos 100 anos, estamos preparados e em pleno desenvolvimento e n\u00f3s j\u00e1 precisamos projetar os pr\u00f3ximos 10 anos. Parab\u00e9ns para todos os envolvidos. Esta edi\u00e7\u00e3o \u00e9 a maior de todos os tempos\u201d. O presidente da Fenasoja 2024, D\u00e1rio Germano, oficializou a abertura destacando a feira, \u201cS\u00e3o mais de 600 expositores e 600 volunt\u00e1rios que est\u00e3o apostando no evento. Mesmo sendo no ano que aconteceu a maior trag\u00e9dia do Rio Grande do Sul, nossa feira est\u00e1 preparada e a expectativa \u00e9 superar R$ 1,2 bilh\u00f5es em neg\u00f3cios e 350 mil visitantes. Viveremos dias incr\u00edveis, memor\u00e1veis e de grandes neg\u00f3cios\u201d.<\/p>\n\n\n\n<p>O p\u00fablico tamb\u00e9m teve a oportunidade de ouvir o vice-governador do Rio Grande do Sul, Gabriel Souza, que destacou, \u201cPara n\u00f3s \u00e9 uma alegria estar aqui na Fenasoja 2024, celebrando o centen\u00e1rio da soja, essa cultura que tanto gera emprego, renda e riqueza para o Rio Grande do Sul. Santa Rosa cresce e se desenvolve assim como esta bela feira. Est\u00e3o todos de parab\u00e9ns e n\u00f3s, do Estado, estamos juntos com voc\u00eas\u201d.<\/p>\n\n\n\n<p>Outro destaque da cerim\u00f4nia foi a presen\u00e7a do neto do pastor norte-americano Albert Lehenbauer, que trouxe sementes de soja para Santa Rosa, Walter Lehenbauer. Em sua fala durante a abertura, ele agradeceu e compartilhou o orgulho em poder representar seu av\u00f4, \u201cTenho muito orgulho de ser ga\u00facho, de estar aqui hoje para celebrar essa hist\u00f3ria t\u00e3o significativa. O meu av\u00f4, o pastor Albert Lehenbauer, n\u00e3o fez nada sozinho. Ele foi usado por Deus para trazer a soja para o Rio Grande do Sul, e o povo ga\u00facho, com sua for\u00e7a e f\u00e9, foi quem plantou e acolheu essa semente. O nosso ouro, que \u00e9 a soja, vem do campo, e \u00e9 gra\u00e7as ao trabalho \u00e1rduo dos homens e mulheres do campo que vemos toda essa prosperidade hoje\u201d. Ap\u00f3s a abertura, as autoridades participaram de diversas atividades e visitaram as instala\u00e7\u00f5es do parque.<\/p>\n","protected":false},"excerpt":{"rendered":"<p>Durante a manh\u00e3 deste s\u00e1bado (30), ocorreu a abertura oficial da Fenasoja 2024, no Parque de Exposi\u00e7\u00f5es Alfredo Leandro Carlson.<\/p>\n","protected":false},"author":6,"featured_media":11942,"comment_status":"closed","ping_status":"open","sticky":false,"template":"","format":"standard","meta":{"footnotes":""},"categories":[4,3],"tags":[],"class_list":["post-11940","post","type-post","status-publish","format-standard","has-post-thumbnail","hentry","category-noticias","category-gabinete-do-prefeito"],"aioseo_notices":[],"_links":{"self":[{"href":"https:\/\/prefeitura.santarosa.rs.gov.br\/index.php?rest_route=\/wp\/v2\/posts\/11940","targetHints":{"allow":["GET"]}}],"collection":[{"href":"https:\/\/prefeitura.santarosa.rs.gov.br\/index.php?rest_route=\/wp\/v2\/posts"}],"about":[{"href":"https:\/\/prefeitura.santarosa.rs.gov.br\/index.php?rest_route=\/wp\/v2\/types\/post"}],"author":[{"embeddable":true,"href":"https:\/\/prefeitura.santarosa.rs.gov.br\/index.php?rest_route=\/wp\/v2\/users\/6"}],"replies":[{"embeddable":true,"href":"https:\/\/prefeitura.santarosa.rs.gov.br\/index.php?rest_route=%2Fwp%2Fv2%2Fcomments&post=11940"}],"version-history":[{"count":1,"href":"https:\/\/prefeitura.santarosa.rs.gov.br\/index.php?rest_route=\/wp\/v2\/posts\/11940\/revisions"}],"predecessor-version":[{"id":11943,"href":"https:\/\/prefeitura.santarosa.rs.gov.br\/index.php?rest_route=\/wp\/v2\/posts\/11940\/revisions\/11943"}],"wp:featuredmedia":[{"embeddable":true,"href":"https:\/\/prefeitura.santarosa.rs.gov.br\/index.php?rest_route=\/wp\/v2\/media\/11942"}],"wp:attachment":[{"href":"https:\/\/prefeitura.santarosa.rs.gov.br\/index.php?rest_route=%2Fwp%2Fv2%2Fmedia&parent=11940"}],"wp:term":[{"taxonomy":"category","embeddable":true,"href":"https:\/\/prefeitura.santarosa.rs.gov.br\/index.php?rest_route=%2Fwp%2Fv2%2Fcategories&post=11940"},{"taxonomy":"post_tag","embeddable":true,"href":"https:\/\/prefeitura.santarosa.rs.gov.br\/index.php?rest_route=%2Fwp%2Fv2%2Ftags&post=11940"}],"curies":[{"name":"wp","href":"https:\/\/api.w.org\/{rel}","templated":true}]}}