{"id":11936,"date":"2024-11-30T14:50:21","date_gmt":"2024-11-30T17:50:21","guid":{"rendered":"https:\/\/prefeitura.santarosa.rs.gov.br\/?p=11936"},"modified":"2024-11-30T14:50:22","modified_gmt":"2024-11-30T17:50:22","slug":"seminario-internacional-conexoes-e-destinos-do-turismo-e-realizado-durante-a-fenasoja-2024","status":"publish","type":"post","link":"https:\/\/prefeitura.santarosa.rs.gov.br\/?p=11936","title":{"rendered":"Semin\u00e1rio Internacional \u201cConex\u00f5es e Destinos do Turismo\u201d \u00e9 realizado durante a Fenasoja 2024"},"content":{"rendered":"\n<figure class=\"wp-block-image size-full\"><img fetchpriority=\"high\" decoding=\"async\" width=\"860\" height=\"645\" src=\"https:\/\/prefeitura.santarosa.rs.gov.br\/wp-content\/uploads\/2024\/11\/Formato-Site-e-Portal-860X645-JPG-8-1.jpg\" alt=\"\" class=\"wp-image-11937\" srcset=\"https:\/\/prefeitura.santarosa.rs.gov.br\/wp-content\/uploads\/2024\/11\/Formato-Site-e-Portal-860X645-JPG-8-1.jpg 860w, https:\/\/prefeitura.santarosa.rs.gov.br\/wp-content\/uploads\/2024\/11\/Formato-Site-e-Portal-860X645-JPG-8-1-300x225.jpg 300w, https:\/\/prefeitura.santarosa.rs.gov.br\/wp-content\/uploads\/2024\/11\/Formato-Site-e-Portal-860X645-JPG-8-1-768x576.jpg 768w\" sizes=\"(max-width: 860px) 100vw, 860px\" \/><\/figure>\n\n\n\n<p>Nesta sexta-feira (29), foi realizado durante o primeiro dia da Fenasoja 2024, o Semin\u00e1rio Internacional \u201cConex\u00f5es e Destinos do Turismo\u201d. O evento, promovido pela Prefeitura de Santa Rosa por meio da Secretaria de Desenvolvimento Econ\u00f4mico, Turismo e Tecnologia, contou com o apoio do Sebrae, COMTUR, EMATER e AMUFRON. O encontro reuniu especialistas do setor e autoridades para discutir o futuro do turismo em Santa Rosa e regi\u00e3o e fortalecer o papel do turismo como motor de transforma\u00e7\u00e3o econ\u00f4mica e social.<\/p>\n\n\n\n<p>A programa\u00e7\u00e3o teve in\u00edcio na primeira hora da tarde com a palestra de Mogar Sincak, engenheiro civil e empres\u00e1rio, que compartilhou sua experi\u00eancia sobre projetos que podem transformar a realidade do turismo em uma regi\u00e3o. Na sequ\u00eancia, Marcia Reck, Secret\u00e1ria de Turismo de S\u00e3o Miguel das Miss\u00f5es, apresentou uma a\u00e7\u00e3o pr\u00e1tica do COMTUR para aprimorar a experi\u00eancia do turista no munic\u00edpio. O prefeito Anderson Mantei participou da abertura e destacou a import\u00e2ncia do evento para o fortalecimento do turismo regional. A programa\u00e7\u00e3o do semin\u00e1rio contou com palestras e debates de renome, abordando temas como inova\u00e7\u00e3o, turismo sustent\u00e1vel e as tend\u00eancias de destinos tur\u00edsticos.<\/p>\n\n\n\n<p>A a\u00e7\u00e3o tamb\u00e9m contou com a presen\u00e7a de Rodrigo Santos, Secret\u00e1rio Estadual de Turismo, que falou sobre a retomada do turismo no Rio Grande do Sul. Ivane F\u00e1vero, turism\u00f3loga e especialista em turismo, trouxe um debate sobre inova\u00e7\u00e3o e criatividade no setor, enquanto Elis Silva, do Sebrae RS, e Catia Silva de Melo, da Giordani Turismo, discutiram o enoturismo e as conex\u00f5es com o Trem do Pampa.<\/p>\n\n\n\n<p>Outro destaque do evento foi a participa\u00e7\u00e3o de representantes de Posadas, Misiones, Argentina, que apresentaram as atra\u00e7\u00f5es tur\u00edsticas do pa\u00eds vizinho. O Secret\u00e1rio de Desenvolvimento Econ\u00f4mico, Turismo e Tecnologia, Odaylson Eder, destacou a relev\u00e2ncia do semin\u00e1rio para a cidade, &#8220;Este semin\u00e1rio n\u00e3o \u00e9 apenas um evento, \u00e9 uma oportunidade \u00fanica para fortalecer as conex\u00f5es tur\u00edsticas e criar novos destinos para nossa regi\u00e3o. Estamos investindo no turismo como vetor de desenvolvimento econ\u00f4mico e cultural, e a\u00e7\u00f5es como essa s\u00e3o fundamentais para atingir nossos objetivos&#8221;. O Semin\u00e1rio Internacional de Turismo \u201cConex\u00f5es e Destinos do Turismo: Experi\u00eancias que Transformam\u201d foi realizado na Etnia Italiana, no Parque de Exposi\u00e7\u00f5es.<\/p>\n","protected":false},"excerpt":{"rendered":"<p>Nesta sexta-feira (29), foi realizado durante o primeiro dia da Fenasoja 2024, o Semin\u00e1rio Internacional \u201cConex\u00f5es e Destinos do Turismo\u201d.<\/p>\n","protected":false},"author":6,"featured_media":11938,"comment_status":"closed","ping_status":"open","sticky":false,"template":"","format":"standard","meta":{"footnotes":""},"categories":[4,16],"tags":[],"class_list":["post-11936","post","type-post","status-publish","format-standard","has-post-thumbnail","hentry","category-noticias","category-secretaria-municipal-de-desenvolvimento-economico-turismo-e-tecnologia"],"aioseo_notices":[],"_links":{"self":[{"href":"https:\/\/prefeitura.santarosa.rs.gov.br\/index.php?rest_route=\/wp\/v2\/posts\/11936","targetHints":{"allow":["GET"]}}],"collection":[{"href":"https:\/\/prefeitura.santarosa.rs.gov.br\/index.php?rest_route=\/wp\/v2\/posts"}],"about":[{"href":"https:\/\/prefeitura.santarosa.rs.gov.br\/index.php?rest_route=\/wp\/v2\/types\/post"}],"author":[{"embeddable":true,"href":"https:\/\/prefeitura.santarosa.rs.gov.br\/index.php?rest_route=\/wp\/v2\/users\/6"}],"replies":[{"embeddable":true,"href":"https:\/\/prefeitura.santarosa.rs.gov.br\/index.php?rest_route=%2Fwp%2Fv2%2Fcomments&post=11936"}],"version-history":[{"count":1,"href":"https:\/\/prefeitura.santarosa.rs.gov.br\/index.php?rest_route=\/wp\/v2\/posts\/11936\/revisions"}],"predecessor-version":[{"id":11939,"href":"https:\/\/prefeitura.santarosa.rs.gov.br\/index.php?rest_route=\/wp\/v2\/posts\/11936\/revisions\/11939"}],"wp:featuredmedia":[{"embeddable":true,"href":"https:\/\/prefeitura.santarosa.rs.gov.br\/index.php?rest_route=\/wp\/v2\/media\/11938"}],"wp:attachment":[{"href":"https:\/\/prefeitura.santarosa.rs.gov.br\/index.php?rest_route=%2Fwp%2Fv2%2Fmedia&parent=11936"}],"wp:term":[{"taxonomy":"category","embeddable":true,"href":"https:\/\/prefeitura.santarosa.rs.gov.br\/index.php?rest_route=%2Fwp%2Fv2%2Fcategories&post=11936"},{"taxonomy":"post_tag","embeddable":true,"href":"https:\/\/prefeitura.santarosa.rs.gov.br\/index.php?rest_route=%2Fwp%2Fv2%2Ftags&post=11936"}],"curies":[{"name":"wp","href":"https:\/\/api.w.org\/{rel}","templated":true}]}}