{"id":11816,"date":"2024-11-29T11:52:25","date_gmt":"2024-11-29T14:52:25","guid":{"rendered":"https:\/\/prefeitura.santarosa.rs.gov.br\/?p=11816"},"modified":"2024-11-29T11:52:25","modified_gmt":"2024-11-29T14:52:25","slug":"fumssar-e-raps-promovem-festival-da-cancao-e-das-artes","status":"publish","type":"post","link":"https:\/\/prefeitura.santarosa.rs.gov.br\/?p=11816","title":{"rendered":"FUMSSAR e RAPS promovem Festival da Can\u00e7\u00e3o e das Artes"},"content":{"rendered":"\n<figure class=\"wp-block-image size-full\"><img fetchpriority=\"high\" decoding=\"async\" width=\"860\" height=\"645\" src=\"https:\/\/prefeitura.santarosa.rs.gov.br\/wp-content\/uploads\/2024\/11\/Formato-Site-e-Portal-860X645-JPG-7-3.jpg\" alt=\"\" class=\"wp-image-11817\" srcset=\"https:\/\/prefeitura.santarosa.rs.gov.br\/wp-content\/uploads\/2024\/11\/Formato-Site-e-Portal-860X645-JPG-7-3.jpg 860w, https:\/\/prefeitura.santarosa.rs.gov.br\/wp-content\/uploads\/2024\/11\/Formato-Site-e-Portal-860X645-JPG-7-3-300x225.jpg 300w, https:\/\/prefeitura.santarosa.rs.gov.br\/wp-content\/uploads\/2024\/11\/Formato-Site-e-Portal-860X645-JPG-7-3-768x576.jpg 768w\" sizes=\"(max-width: 860px) 100vw, 860px\" \/><\/figure>\n\n\n\n<p>Na quarta-feira (27), o audit\u00f3rio do Sesc foi palco do Festival da Can\u00e7\u00e3o e das Artes, promovido pela FUMSSAR (Funda\u00e7\u00e3o Municipal de Sa\u00fade de Santa Rosa) e pela RAPS (Rede de Aten\u00e7\u00e3o Psicossocial). O evento reuniu profissionais e usu\u00e1rios do CAPS AD Movimento, CAPS Novo Rumo, CAPS Infantojuvenil, al\u00e9m de representantes da Escola Recital, APADEV, APAE e APADA. A atividade resultou em uma tarde de muita cultura, arte e emo\u00e7\u00e3o.<\/p>\n\n\n\n<p>Durante o festival, os participantes puderam se expressar por meio de diversas manifesta\u00e7\u00f5es art\u00edsticas, com apresenta\u00e7\u00f5es de m\u00fasicas individuais e em grupo, teatro, dan\u00e7a e at\u00e9 piadas, proporcionando um ambiente de integra\u00e7\u00e3o e alegria. A psic\u00f3loga e gerente da RAPS, Fl\u00e1via Albuquerque, destacou a import\u00e2ncia da a\u00e7\u00e3o, &#8220;Pensamos numa tarde cheia de arte, dan\u00e7a, m\u00fasica e emo\u00e7\u00e3o, para que todos se sintam abra\u00e7ados. O festival, al\u00e9m de promover a cultura e o bem-estar, refor\u00e7a a relev\u00e2ncia das pr\u00e1ticas art\u00edsticas como ferramentas terap\u00eauticas no cuidado \u00e0 sa\u00fade mental\u201d.<\/p>\n\n\n\n<p>O festival reuniu diferentes p\u00fablicos com intuito de valorizar os talentos e promover integra\u00e7\u00e3o. A arte sempre foi uma importante aliada da humanidade e evoluiu paralelamente \u00e0s sociedades, desempenhando um papel fundamental em diversos aspectos da vida humana, incluindo a sa\u00fade mental. De acordo com a Organiza\u00e7\u00e3o Mundial da Sa\u00fade (OMS), as artes ajudam a compreender e comunicar emo\u00e7\u00f5es e conceitos, estimulando os sentidos e a capacidade de empatia.<\/p>\n","protected":false},"excerpt":{"rendered":"<p>Na quarta-feira (27), o audit\u00f3rio do Sesc foi palco do Festival da Can\u00e7\u00e3o e das Artes, promovido pela FUMSSAR (Funda\u00e7\u00e3o<\/p>\n","protected":false},"author":6,"featured_media":11818,"comment_status":"closed","ping_status":"open","sticky":false,"template":"","format":"standard","meta":{"footnotes":""},"categories":[4,8],"tags":[],"class_list":["post-11816","post","type-post","status-publish","format-standard","has-post-thumbnail","hentry","category-noticias","category-noticias-fumssar"],"aioseo_notices":[],"_links":{"self":[{"href":"https:\/\/prefeitura.santarosa.rs.gov.br\/index.php?rest_route=\/wp\/v2\/posts\/11816","targetHints":{"allow":["GET"]}}],"collection":[{"href":"https:\/\/prefeitura.santarosa.rs.gov.br\/index.php?rest_route=\/wp\/v2\/posts"}],"about":[{"href":"https:\/\/prefeitura.santarosa.rs.gov.br\/index.php?rest_route=\/wp\/v2\/types\/post"}],"author":[{"embeddable":true,"href":"https:\/\/prefeitura.santarosa.rs.gov.br\/index.php?rest_route=\/wp\/v2\/users\/6"}],"replies":[{"embeddable":true,"href":"https:\/\/prefeitura.santarosa.rs.gov.br\/index.php?rest_route=%2Fwp%2Fv2%2Fcomments&post=11816"}],"version-history":[{"count":1,"href":"https:\/\/prefeitura.santarosa.rs.gov.br\/index.php?rest_route=\/wp\/v2\/posts\/11816\/revisions"}],"predecessor-version":[{"id":11819,"href":"https:\/\/prefeitura.santarosa.rs.gov.br\/index.php?rest_route=\/wp\/v2\/posts\/11816\/revisions\/11819"}],"wp:featuredmedia":[{"embeddable":true,"href":"https:\/\/prefeitura.santarosa.rs.gov.br\/index.php?rest_route=\/wp\/v2\/media\/11818"}],"wp:attachment":[{"href":"https:\/\/prefeitura.santarosa.rs.gov.br\/index.php?rest_route=%2Fwp%2Fv2%2Fmedia&parent=11816"}],"wp:term":[{"taxonomy":"category","embeddable":true,"href":"https:\/\/prefeitura.santarosa.rs.gov.br\/index.php?rest_route=%2Fwp%2Fv2%2Fcategories&post=11816"},{"taxonomy":"post_tag","embeddable":true,"href":"https:\/\/prefeitura.santarosa.rs.gov.br\/index.php?rest_route=%2Fwp%2Fv2%2Ftags&post=11816"}],"curies":[{"name":"wp","href":"https:\/\/api.w.org\/{rel}","templated":true}]}}