{"id":11812,"date":"2024-11-29T11:27:34","date_gmt":"2024-11-29T14:27:34","guid":{"rendered":"https:\/\/prefeitura.santarosa.rs.gov.br\/?p=11812"},"modified":"2024-11-29T11:27:34","modified_gmt":"2024-11-29T14:27:34","slug":"fenasoja-2024-iniciou-nesta-sexta-feira","status":"publish","type":"post","link":"https:\/\/prefeitura.santarosa.rs.gov.br\/?p=11812","title":{"rendered":"Fenasoja 2024 iniciou nesta sexta-feira"},"content":{"rendered":"\n<figure class=\"wp-block-image size-full\"><img fetchpriority=\"high\" decoding=\"async\" width=\"860\" height=\"645\" src=\"https:\/\/prefeitura.santarosa.rs.gov.br\/wp-content\/uploads\/2024\/11\/Formato-Site-e-Portal-860X645-JPG-6-2.jpg\" alt=\"\" class=\"wp-image-11813\" srcset=\"https:\/\/prefeitura.santarosa.rs.gov.br\/wp-content\/uploads\/2024\/11\/Formato-Site-e-Portal-860X645-JPG-6-2.jpg 860w, https:\/\/prefeitura.santarosa.rs.gov.br\/wp-content\/uploads\/2024\/11\/Formato-Site-e-Portal-860X645-JPG-6-2-300x225.jpg 300w, https:\/\/prefeitura.santarosa.rs.gov.br\/wp-content\/uploads\/2024\/11\/Formato-Site-e-Portal-860X645-JPG-6-2-768x576.jpg 768w\" sizes=\"(max-width: 860px) 100vw, 860px\" \/><\/figure>\n\n\n\n<p>Com grandes expectativas para a gera\u00e7\u00e3o de neg\u00f3cios, a 24\u00aa edi\u00e7\u00e3o da Fenasoja iniciou nesta sexta-feira (29), em Santa Rosa. Os port\u00f5es do Parque de Exposi\u00e7\u00f5es Alfredo Leandro Carlson abriram \u00e0s 10h da manh\u00e3 dando in\u00edcio \u00e0 Maior Feira Multissetorial do Rio Grande do Sul. O prefeito, vice-prefeito e secret\u00e1rios est\u00e3o presentes na Feira Nacional da Soja, despachando direto do parque. A Fenasoja 2024 prospecta n\u00fameros expressivos de neg\u00f3cios durante os 10 dias de programa\u00e7\u00e3o. O evento conta com mais de 600 expositores que apostaram na feira para alavancar suas empresas e obter novos clientes.<\/p>\n\n\n\n<p>O Prefeito de Santa Rosa, Anderson Mantei, acompanhou as atividades deste primeiro dia, \u201cIniciamos com muito orgulho e entusiasmo, esta que com certeza ser\u00e1, a maior Fenasoja de todos os tempos. \u00c9 s\u00f3 o in\u00edcio, durante estes 10 dias vamos celebrar muitas conquistas, entre elas, os 100 anos da soja no Brasil, esse gr\u00e3o que foi plantado na nossa terra e hoje \u00e9 uma das maiores comodities do pa\u00eds\u201d. A sexta-feira contou tamb\u00e9m com a presen\u00e7a do senador Hamilton Mour\u00e3o. O senador visitou os estandes, conversou com visitantes e concedeu entrevistas nos est\u00fadios de r\u00e1dios instaladas no parque. Al\u00e9m disso, uma delega\u00e7\u00e3o da Argentina veio at\u00e9 Santa Rosa para visitar e prestigiar a feira.<\/p>\n\n\n\n<p>A Fenasoja 2024, vai at\u00e9 o domingo, 08 de dezembro e est\u00e1 repleta de atividades, shows, e muito entretenimento. A programa\u00e7\u00e3o completa pode ser conferida no site da feira no link:&nbsp;<a href=\"https:\/\/www.fenasoja.com.br\/\" target=\"_blank\" rel=\"noreferrer noopener\">https:\/\/www.fenasoja.com.br<\/a>. No s\u00e1bado (30), ser\u00e1 realizada a abertura oficial da feira com a participa\u00e7\u00e3o da Orquestra da ULBRA.<\/p>\n","protected":false},"excerpt":{"rendered":"<p>Com grandes expectativas para a gera\u00e7\u00e3o de neg\u00f3cios, a 24\u00aa edi\u00e7\u00e3o da Fenasoja iniciou nesta sexta-feira (29), em Santa Rosa.<\/p>\n","protected":false},"author":6,"featured_media":11814,"comment_status":"closed","ping_status":"open","sticky":false,"template":"","format":"standard","meta":{"footnotes":""},"categories":[4,3],"tags":[],"class_list":["post-11812","post","type-post","status-publish","format-standard","has-post-thumbnail","hentry","category-noticias","category-gabinete-do-prefeito"],"aioseo_notices":[],"_links":{"self":[{"href":"https:\/\/prefeitura.santarosa.rs.gov.br\/index.php?rest_route=\/wp\/v2\/posts\/11812","targetHints":{"allow":["GET"]}}],"collection":[{"href":"https:\/\/prefeitura.santarosa.rs.gov.br\/index.php?rest_route=\/wp\/v2\/posts"}],"about":[{"href":"https:\/\/prefeitura.santarosa.rs.gov.br\/index.php?rest_route=\/wp\/v2\/types\/post"}],"author":[{"embeddable":true,"href":"https:\/\/prefeitura.santarosa.rs.gov.br\/index.php?rest_route=\/wp\/v2\/users\/6"}],"replies":[{"embeddable":true,"href":"https:\/\/prefeitura.santarosa.rs.gov.br\/index.php?rest_route=%2Fwp%2Fv2%2Fcomments&post=11812"}],"version-history":[{"count":1,"href":"https:\/\/prefeitura.santarosa.rs.gov.br\/index.php?rest_route=\/wp\/v2\/posts\/11812\/revisions"}],"predecessor-version":[{"id":11815,"href":"https:\/\/prefeitura.santarosa.rs.gov.br\/index.php?rest_route=\/wp\/v2\/posts\/11812\/revisions\/11815"}],"wp:featuredmedia":[{"embeddable":true,"href":"https:\/\/prefeitura.santarosa.rs.gov.br\/index.php?rest_route=\/wp\/v2\/media\/11814"}],"wp:attachment":[{"href":"https:\/\/prefeitura.santarosa.rs.gov.br\/index.php?rest_route=%2Fwp%2Fv2%2Fmedia&parent=11812"}],"wp:term":[{"taxonomy":"category","embeddable":true,"href":"https:\/\/prefeitura.santarosa.rs.gov.br\/index.php?rest_route=%2Fwp%2Fv2%2Fcategories&post=11812"},{"taxonomy":"post_tag","embeddable":true,"href":"https:\/\/prefeitura.santarosa.rs.gov.br\/index.php?rest_route=%2Fwp%2Fv2%2Ftags&post=11812"}],"curies":[{"name":"wp","href":"https:\/\/api.w.org\/{rel}","templated":true}]}}