{"id":11808,"date":"2024-11-28T16:13:04","date_gmt":"2024-11-28T19:13:04","guid":{"rendered":"https:\/\/prefeitura.santarosa.rs.gov.br\/?p=11808"},"modified":"2024-11-28T16:13:04","modified_gmt":"2024-11-28T19:13:04","slug":"presidente-da-fumssar-participa-de-evento-sobre-acoes-do-ministerio-da-saude-no-rio-grande-do-sul","status":"publish","type":"post","link":"https:\/\/prefeitura.santarosa.rs.gov.br\/?p=11808","title":{"rendered":"Presidente da FUMSSAR participa de evento sobre A\u00e7\u00f5es do Minist\u00e9rio da Sa\u00fade no Rio Grande do Sul"},"content":{"rendered":"\n<figure class=\"wp-block-image size-full\"><img fetchpriority=\"high\" decoding=\"async\" width=\"860\" height=\"645\" src=\"https:\/\/prefeitura.santarosa.rs.gov.br\/wp-content\/uploads\/2024\/11\/Formato-Site-e-Portal-860X645-JPG-16.jpg\" alt=\"\" class=\"wp-image-11809\" srcset=\"https:\/\/prefeitura.santarosa.rs.gov.br\/wp-content\/uploads\/2024\/11\/Formato-Site-e-Portal-860X645-JPG-16.jpg 860w, https:\/\/prefeitura.santarosa.rs.gov.br\/wp-content\/uploads\/2024\/11\/Formato-Site-e-Portal-860X645-JPG-16-300x225.jpg 300w, https:\/\/prefeitura.santarosa.rs.gov.br\/wp-content\/uploads\/2024\/11\/Formato-Site-e-Portal-860X645-JPG-16-768x576.jpg 768w\" sizes=\"(max-width: 860px) 100vw, 860px\" \/><\/figure>\n\n\n\n<p>Nesta semana, o presidente da FUMSSAR, D\u00e9lcio Stefan, esteve presente no evento de apresenta\u00e7\u00e3o das a\u00e7\u00f5es do Minist\u00e9rio da Sa\u00fade no Rio Grande do Sul. A a\u00e7\u00e3o aconteceu em Porto Alegre e reuniu secret\u00e1rios nacionais da pasta. O foco do encontro foi destacar as iniciativas e programas do Governo Federal na \u00e1rea da sa\u00fade.<\/p>\n\n\n\n<p>A atividade ocorreu em duas etapas. Pela manh\u00e3, as discuss\u00f5es foram voltadas ao enfrentamento da dengue e outras arboviroses, com a apresenta\u00e7\u00e3o de a\u00e7\u00f5es espec\u00edficas para combate a essas doen\u00e7as. Durante a tarde, o evento abordou o Programa Mais Acesso a Especialistas e o Balan\u00e7o da Reconstru\u00e7\u00e3o na \u00e1rea da sa\u00fade, apresentando avan\u00e7os e metas para o futuro. Durante o encontro, o Secret\u00e1rio de Vigil\u00e2ncia em Sa\u00fade, Rivaldo Ven\u00e2ncio, fez uma apresenta\u00e7\u00e3o detalhada das a\u00e7\u00f5es e financiamentos voltados para o combate \u00e0 dengue. Felipe Proen\u00e7o, respons\u00e1vel pela Aten\u00e7\u00e3o Prim\u00e1ria em Sa\u00fade, discutiu os financiamentos e as a\u00e7\u00f5es das Unidades de Sa\u00fade previstas para 2025. J\u00e1 o Secret\u00e1rio de Servi\u00e7os Especializados em Sa\u00fade, Adriano Massuda, apresentou o novo modelo das campanhas de cirurgias, consultas e exames que ser\u00e3o implementadas no pr\u00f3ximo ano.<\/p>\n\n\n\n<p>Al\u00e9m de acompanhar as discuss\u00f5es, D\u00e9lcio Stefan aproveitou a oportunidade para refor\u00e7ar o pedido de novos investimentos para a sa\u00fade em Santa Rosa. Na oportunidade, o Presidente da FUMSSAR, entregou of\u00edcios solicitando recursos adicionais para a implementa\u00e7\u00e3o de novos servi\u00e7os nas Unidades de Sa\u00fade, &#8220;A presen\u00e7a do Minist\u00e9rio da Sa\u00fade no Rio Grande do Sul \u00e9 fundamental para alinharmos os investimentos e as a\u00e7\u00f5es que v\u00e3o contribuir diretamente para a melhoria da sa\u00fade no munic\u00edpio. A entrega desses of\u00edcios \u00e9 um passo importante para garantir que Santa Rosa e toda a regi\u00e3o recebam os recursos necess\u00e1rios para atender a demanda crescente e oferecer um cuidado integral aos usu\u00e1rios do SUS.&#8221;<\/p>\n\n\n\n<p>D\u00e9lcio tamb\u00e9m pediu por meio dos of\u00edcios, a recomposi\u00e7\u00e3o do Teto MAC, um financiamento essencial para a manuten\u00e7\u00e3o e expans\u00e3o dos servi\u00e7os de sa\u00fade no munic\u00edpio.<\/p>\n","protected":false},"excerpt":{"rendered":"<p>Nesta semana, o presidente da FUMSSAR, D\u00e9lcio Stefan, esteve presente no evento de apresenta\u00e7\u00e3o das a\u00e7\u00f5es do Minist\u00e9rio da Sa\u00fade<\/p>\n","protected":false},"author":6,"featured_media":11810,"comment_status":"closed","ping_status":"closed","sticky":false,"template":"","format":"standard","meta":{"footnotes":""},"categories":[4,8],"tags":[],"class_list":["post-11808","post","type-post","status-publish","format-standard","has-post-thumbnail","hentry","category-noticias","category-noticias-fumssar"],"aioseo_notices":[],"_links":{"self":[{"href":"https:\/\/prefeitura.santarosa.rs.gov.br\/index.php?rest_route=\/wp\/v2\/posts\/11808","targetHints":{"allow":["GET"]}}],"collection":[{"href":"https:\/\/prefeitura.santarosa.rs.gov.br\/index.php?rest_route=\/wp\/v2\/posts"}],"about":[{"href":"https:\/\/prefeitura.santarosa.rs.gov.br\/index.php?rest_route=\/wp\/v2\/types\/post"}],"author":[{"embeddable":true,"href":"https:\/\/prefeitura.santarosa.rs.gov.br\/index.php?rest_route=\/wp\/v2\/users\/6"}],"replies":[{"embeddable":true,"href":"https:\/\/prefeitura.santarosa.rs.gov.br\/index.php?rest_route=%2Fwp%2Fv2%2Fcomments&post=11808"}],"version-history":[{"count":1,"href":"https:\/\/prefeitura.santarosa.rs.gov.br\/index.php?rest_route=\/wp\/v2\/posts\/11808\/revisions"}],"predecessor-version":[{"id":11811,"href":"https:\/\/prefeitura.santarosa.rs.gov.br\/index.php?rest_route=\/wp\/v2\/posts\/11808\/revisions\/11811"}],"wp:featuredmedia":[{"embeddable":true,"href":"https:\/\/prefeitura.santarosa.rs.gov.br\/index.php?rest_route=\/wp\/v2\/media\/11810"}],"wp:attachment":[{"href":"https:\/\/prefeitura.santarosa.rs.gov.br\/index.php?rest_route=%2Fwp%2Fv2%2Fmedia&parent=11808"}],"wp:term":[{"taxonomy":"category","embeddable":true,"href":"https:\/\/prefeitura.santarosa.rs.gov.br\/index.php?rest_route=%2Fwp%2Fv2%2Fcategories&post=11808"},{"taxonomy":"post_tag","embeddable":true,"href":"https:\/\/prefeitura.santarosa.rs.gov.br\/index.php?rest_route=%2Fwp%2Fv2%2Ftags&post=11808"}],"curies":[{"name":"wp","href":"https:\/\/api.w.org\/{rel}","templated":true}]}}