{"id":11757,"date":"2024-11-28T14:37:25","date_gmt":"2024-11-28T17:37:25","guid":{"rendered":"https:\/\/prefeitura.santarosa.rs.gov.br\/?p=11757"},"modified":"2024-11-28T14:37:25","modified_gmt":"2024-11-28T17:37:25","slug":"secretaria-de-desenvolvimento-social-e-crrm-lancam-cartilha-quebrando-o-silencio","status":"publish","type":"post","link":"https:\/\/prefeitura.santarosa.rs.gov.br\/?p=11757","title":{"rendered":"Secretaria de Desenvolvimento Social e CRRM lan\u00e7am Cartilha &#8220;Quebrando o Sil\u00eancio&#8221;"},"content":{"rendered":"\n<figure class=\"wp-block-image size-full\"><img fetchpriority=\"high\" decoding=\"async\" width=\"860\" height=\"645\" src=\"https:\/\/prefeitura.santarosa.rs.gov.br\/wp-content\/uploads\/2024\/11\/Formato-Site-e-Portal-860X645-JPG-15-1.jpg\" alt=\"\" class=\"wp-image-11758\" srcset=\"https:\/\/prefeitura.santarosa.rs.gov.br\/wp-content\/uploads\/2024\/11\/Formato-Site-e-Portal-860X645-JPG-15-1.jpg 860w, https:\/\/prefeitura.santarosa.rs.gov.br\/wp-content\/uploads\/2024\/11\/Formato-Site-e-Portal-860X645-JPG-15-1-300x225.jpg 300w, https:\/\/prefeitura.santarosa.rs.gov.br\/wp-content\/uploads\/2024\/11\/Formato-Site-e-Portal-860X645-JPG-15-1-768x576.jpg 768w\" sizes=\"(max-width: 860px) 100vw, 860px\" \/><\/figure>\n\n\n\n<p>Na manh\u00e3 desta quinta-feira (28), o Centro de Refer\u00eancia Regional de Atendimento \u00e0 Mulher (CRRM), vinculado \u00e0 Secretaria de Desenvolvimento Social, realizou o lan\u00e7amento da Cartilha\/Gibi \u201cQuebrando o Sil\u00eancio: Maria da Penha vai \u00e0 escola\u201d. A a\u00e7\u00e3o aconteceu no Clube Conc\u00f3rdia e faz parte da programa\u00e7\u00e3o dos 16 Dias de Ativismo. Uma campanha pelo fim da viol\u00eancia contra a mulher que iniciou no dia 25 de novembro em Santa Rosa. As atividades propostas buscam conscientizar a popula\u00e7\u00e3o sobre a viol\u00eancia de g\u00eanero e mobilizar a sociedade para combater essa forma de agress\u00e3o.<\/p>\n\n\n\n<p>Neste ano, a equipe do Centro de Refer\u00eancia Regional de Atendimento \u00e0 Mulher, Dirce Margarete Gr\u00f6sz, realizou a\u00e7\u00f5es nas escolas e institui\u00e7\u00f5es do munic\u00edpio sobre a conscientiza\u00e7\u00e3o da viol\u00eancia dom\u00e9stica. Com o apoio da Gest\u00e3o Municipal e a parceria da FEMA, foi elaborada uma Cartilha\/Gibi para, de forma l\u00fadica, levar conhecimento sobre esse tema t\u00e3o relevante para as escolas, onde est\u00e3o sendo formados os futuros adultos. A Cartilha\/Gibi Quebrando o Sil\u00eancio vai proporcionar aos estudantes uma reflex\u00e3o sobre as rela\u00e7\u00f5es cotidianas e como algumas condutas podem ser prejudiciais. A Gerente do CRRM, Mariza Oleynek, destacou com muito orgulho que Santa Rosa \u00e9 pioneira no lan\u00e7amento desta cartilha e que a cidade se tornou refer\u00eancia regional pelo trabalho realizado junto \u00e0 Rede de Prote\u00e7\u00e3o \u00e0 Mulher no enfrentamento \u00e0 viol\u00eancia dom\u00e9stica, \u201cA cartilha, atrav\u00e9s de hist\u00f3rias em quadrinhos, busca conscientizar de forma mais clara crian\u00e7as, adolescentes e educadores, para que possam multiplicar o conhecimento sobre a problem\u00e1tica, a fim de romper com o ciclo da viol\u00eancia dom\u00e9stica\u201d.<\/p>\n\n\n\n<p>O evento contou com a presen\u00e7a da Secret\u00e1ria de Desenvolvimento Social, Taisa Boelter, da Secret\u00e1ria de Educa\u00e7\u00e3o e Cultura, Josiane Heck, da Ju\u00edza da 2\u00aa Vara Criminal, Bianca Predger Sawick, do Promotor de Justi\u00e7a da 2\u00aa Promotoria de Justi\u00e7a Criminal de Santa Rosa, Rodrigo Piton, do Defensor P\u00fablico, Tarc\u00edsio Scherer Perlin, da Diretora da Aten\u00e7\u00e3o B\u00e1sica da Funda\u00e7\u00e3o Municipal de Sa\u00fade, Fabiana Breitenbach, da Major Vanessa Peripoli, do 4\u00ba Batalh\u00e3o de Pol\u00edcia de \u00c1rea de Fronteira da Brigada Militar, do Diretor Administrativo da FEMA, C\u00e9sio Carlos Albea e demais membros da Rede de Prote\u00e7\u00e3o \u00e0 Mulher, al\u00e9m de alunos da Rede Municipal de Ensino.<\/p>\n","protected":false},"excerpt":{"rendered":"<p>Na manh\u00e3 desta quinta-feira (28), o Centro de Refer\u00eancia Regional de Atendimento \u00e0 Mulher (CRRM), vinculado \u00e0 Secretaria de Desenvolvimento<\/p>\n","protected":false},"author":6,"featured_media":11759,"comment_status":"closed","ping_status":"closed","sticky":false,"template":"","format":"standard","meta":{"footnotes":""},"categories":[4,17],"tags":[],"class_list":["post-11757","post","type-post","status-publish","format-standard","has-post-thumbnail","hentry","category-noticias","category-secretaria-municipal-de-desenvolvimento-social"],"aioseo_notices":[],"_links":{"self":[{"href":"https:\/\/prefeitura.santarosa.rs.gov.br\/index.php?rest_route=\/wp\/v2\/posts\/11757","targetHints":{"allow":["GET"]}}],"collection":[{"href":"https:\/\/prefeitura.santarosa.rs.gov.br\/index.php?rest_route=\/wp\/v2\/posts"}],"about":[{"href":"https:\/\/prefeitura.santarosa.rs.gov.br\/index.php?rest_route=\/wp\/v2\/types\/post"}],"author":[{"embeddable":true,"href":"https:\/\/prefeitura.santarosa.rs.gov.br\/index.php?rest_route=\/wp\/v2\/users\/6"}],"replies":[{"embeddable":true,"href":"https:\/\/prefeitura.santarosa.rs.gov.br\/index.php?rest_route=%2Fwp%2Fv2%2Fcomments&post=11757"}],"version-history":[{"count":1,"href":"https:\/\/prefeitura.santarosa.rs.gov.br\/index.php?rest_route=\/wp\/v2\/posts\/11757\/revisions"}],"predecessor-version":[{"id":11760,"href":"https:\/\/prefeitura.santarosa.rs.gov.br\/index.php?rest_route=\/wp\/v2\/posts\/11757\/revisions\/11760"}],"wp:featuredmedia":[{"embeddable":true,"href":"https:\/\/prefeitura.santarosa.rs.gov.br\/index.php?rest_route=\/wp\/v2\/media\/11759"}],"wp:attachment":[{"href":"https:\/\/prefeitura.santarosa.rs.gov.br\/index.php?rest_route=%2Fwp%2Fv2%2Fmedia&parent=11757"}],"wp:term":[{"taxonomy":"category","embeddable":true,"href":"https:\/\/prefeitura.santarosa.rs.gov.br\/index.php?rest_route=%2Fwp%2Fv2%2Fcategories&post=11757"},{"taxonomy":"post_tag","embeddable":true,"href":"https:\/\/prefeitura.santarosa.rs.gov.br\/index.php?rest_route=%2Fwp%2Fv2%2Ftags&post=11757"}],"curies":[{"name":"wp","href":"https:\/\/api.w.org\/{rel}","templated":true}]}}