{"id":1173,"date":"2021-07-19T14:54:00","date_gmt":"2021-07-19T17:54:00","guid":{"rendered":"https:\/\/prefeitura.santarosa.rs.gov.br\/?p=1173"},"modified":"2024-10-07T09:55:00","modified_gmt":"2024-10-07T12:55:00","slug":"vacinacao-avanca-para-pessoas-acima-dos-38-anos","status":"publish","type":"post","link":"https:\/\/prefeitura.santarosa.rs.gov.br\/?p=1173","title":{"rendered":"Vacina\u00e7\u00e3o avan\u00e7a para pessoas acima dos 38 anos"},"content":{"rendered":"\n<p>A aplica\u00e7\u00e3o das doses ser\u00e1 feita em todas as Unidades B\u00e1sicas de Sa\u00fade at\u00e9 terminarem os estoques.<\/p>\n\n\n\n<p>Hoje inicia a vacina\u00e7\u00e3o contra a COVID-19 para pessoas a partir dos 38 anos. A aplica\u00e7\u00e3o das doses ser\u00e1 feita em todas as Unidades B\u00e1sicas de Sa\u00fade at\u00e9 terminarem os estoques. A FUMSSAR recebeu 1.275 novas doses para dose um (D1) e 5.710 para segunda dose (D2). O atendimento ser\u00e1 mediante agendamento pr\u00e9vio por telefone ou presencial. Os moradores de Santa Rosa que forem se vacinar precisam levar documento com foto, CPF, cart\u00e3o SUS e se poss\u00edvel caderneta de vacina\u00e7\u00e3o.<\/p>\n\n\n\n<p>Santa Rosa j\u00e1 aplicou at\u00e9 o momento, 55.180 doses. Do total, 37.238 foram de D1, essa quantidade corresponde a 50,8% da popula\u00e7\u00e3o vacinada, 15.681 de D2 e 2.338 de Dose \u00fanica DU, sendo assim temos 18.019 pessoas com a imuniza\u00e7\u00e3o completa, 24,6% dos santa-rosenses. Tamb\u00e9m est\u00e3o sendo aplicadas de forma antecipada a segunda dose da vacina AstraZeneca. Quem j\u00e1 recebeu a primeira dose da vacina h\u00e1 no m\u00ednimo dez semanas, j\u00e1 pode buscar uma das 18 unidades de sa\u00fade para completar o esquema vacinal.<\/p>\n\n\n\n<p>A FUMSSAR informa que a Secretaria de Sa\u00fade (SES) distribuiu para os munic\u00edpios da fronteira, doses extras de vacina contra a COVID-19. As doses D1 s\u00e3o para refor\u00e7ar a prote\u00e7\u00e3o contra novas variantes do Coronav\u00edrus, contudo, Santa Rosa n\u00e3o faz parte desta rela\u00e7\u00e3o dos mun\u00edcios da fronteira, e por isso, recebeu apenas a remessa de 1.275 doses para D1.<\/p>\n\n\n\n<ul class=\"wp-block-list\"><li>Importante: Pessoas que se vacinaram contra a Influenza (GRIPE) precisam aguardar o prazo de 14 dias para poder receber a vacina contra a COVID-19.<\/li><\/ul>\n","protected":false},"excerpt":{"rendered":"<p>A aplica\u00e7\u00e3o das doses ser\u00e1 feita em todas as Unidades B\u00e1sicas de Sa\u00fade at\u00e9 terminarem os estoques. Hoje inicia a<\/p>\n","protected":false},"author":3,"featured_media":1174,"comment_status":"open","ping_status":"open","sticky":false,"template":"","format":"standard","meta":{"footnotes":""},"categories":[6,4,8],"tags":[],"class_list":["post-1173","post","type-post","status-publish","format-standard","has-post-thumbnail","hentry","category-covid-19","category-noticias","category-noticias-fumssar"],"aioseo_notices":[],"_links":{"self":[{"href":"https:\/\/prefeitura.santarosa.rs.gov.br\/index.php?rest_route=\/wp\/v2\/posts\/1173","targetHints":{"allow":["GET"]}}],"collection":[{"href":"https:\/\/prefeitura.santarosa.rs.gov.br\/index.php?rest_route=\/wp\/v2\/posts"}],"about":[{"href":"https:\/\/prefeitura.santarosa.rs.gov.br\/index.php?rest_route=\/wp\/v2\/types\/post"}],"author":[{"embeddable":true,"href":"https:\/\/prefeitura.santarosa.rs.gov.br\/index.php?rest_route=\/wp\/v2\/users\/3"}],"replies":[{"embeddable":true,"href":"https:\/\/prefeitura.santarosa.rs.gov.br\/index.php?rest_route=%2Fwp%2Fv2%2Fcomments&post=1173"}],"version-history":[{"count":1,"href":"https:\/\/prefeitura.santarosa.rs.gov.br\/index.php?rest_route=\/wp\/v2\/posts\/1173\/revisions"}],"predecessor-version":[{"id":1175,"href":"https:\/\/prefeitura.santarosa.rs.gov.br\/index.php?rest_route=\/wp\/v2\/posts\/1173\/revisions\/1175"}],"wp:featuredmedia":[{"embeddable":true,"href":"https:\/\/prefeitura.santarosa.rs.gov.br\/index.php?rest_route=\/wp\/v2\/media\/1174"}],"wp:attachment":[{"href":"https:\/\/prefeitura.santarosa.rs.gov.br\/index.php?rest_route=%2Fwp%2Fv2%2Fmedia&parent=1173"}],"wp:term":[{"taxonomy":"category","embeddable":true,"href":"https:\/\/prefeitura.santarosa.rs.gov.br\/index.php?rest_route=%2Fwp%2Fv2%2Fcategories&post=1173"},{"taxonomy":"post_tag","embeddable":true,"href":"https:\/\/prefeitura.santarosa.rs.gov.br\/index.php?rest_route=%2Fwp%2Fv2%2Ftags&post=1173"}],"curies":[{"name":"wp","href":"https:\/\/api.w.org\/{rel}","templated":true}]}}