{"id":117,"date":"2021-10-29T10:00:00","date_gmt":"2021-10-29T13:00:00","guid":{"rendered":"https:\/\/prefeitura.santarosa.rs.gov.br\/?p=117"},"modified":"2024-10-07T09:54:42","modified_gmt":"2024-10-07T12:54:42","slug":"prefeito-recebe-secretaria-arita","status":"publish","type":"post","link":"https:\/\/prefeitura.santarosa.rs.gov.br\/?p=117","title":{"rendered":"Prefeito recebe Secret\u00e1ria Arita"},"content":{"rendered":"\n<p>A secret\u00e1ria participou de atividades, projetou avan\u00e7os para a sa\u00fade, al\u00e9m de conhecer o novo servi\u00e7o do Centro Macroregional do Transtorno do Espectro do Autismo.<\/p>\n\n\n\n<p>\u201cQuero pedir autoriza\u00e7\u00e3o para o prefeito para me titular, de cora\u00e7\u00e3o, cidad\u00e3 santa-rosense\u201d. Foi nesse clima, que a Secret\u00e1ria de Sa\u00fade Arita Bergamnn participou de diversas agendas em Santa Rosa nesta quarta e quinta-feira. Sempre muito atenciosa, ela participou de atividades, projetou avan\u00e7os para a sa\u00fade, al\u00e9m de conhecer o novo servi\u00e7o do Centro Macroregional do Transtorno do Espectro do Autismo.<\/p>\n\n\n\n<p>A Secret\u00e1ria foi recebida pelo Prefeito, C\u00e2mara de Vereadores, entidades, Coordenadoria Regional de Educa\u00e7\u00e3o e Hospital Vida &amp; Sa\u00fade. No Hospital Vida &amp; Sa\u00fade, visitou diversos setores, conheceu importantes setores, al\u00e9m de tratar sobre a amplia\u00e7\u00e3o de diversos servi\u00e7os. Arita Bergmann tamb\u00e9m foi homenageada pelo hospital por todo seu empenho e dedica\u00e7\u00e3o no per\u00edodo de pandemia.<\/p>\n\n\n\n<p>Nesta quinta-feira(28), a Secret\u00e1ria Arita e o Prefeito Anderson Mantei deram entrevista e tamb\u00e9m conheceram o servi\u00e7o do TEAcolhe na APADA, \u201cN\u00f3s s\u00f3 podemos agradecer o empenho que toda a secretaria de sa\u00fade do estado tem com a nossa cidade e podem ter certeza que tudo que ser\u00e1 destinado para c\u00e1, sempre ter\u00e1 muito respeito, responsabilidade e um excelente aproveitamento para a comunidade. N\u00f3s s\u00f3 podemos lhe agradecer Secret\u00e1ria Arita por tudo que j\u00e1 fez por Santa Rosa e regi\u00e3o\u201d, destaca Anderson. A sequ\u00eancia de agendas segue em outros munic\u00edpios da regi\u00e3o.<\/p>\n","protected":false},"excerpt":{"rendered":"<p>A secret\u00e1ria participou de atividades, projetou avan\u00e7os para a sa\u00fade, al\u00e9m de conhecer o novo servi\u00e7o do Centro Macroregional do<\/p>\n","protected":false},"author":3,"featured_media":118,"comment_status":"open","ping_status":"open","sticky":false,"template":"","format":"standard","meta":{"footnotes":""},"categories":[4,3],"tags":[],"class_list":["post-117","post","type-post","status-publish","format-standard","has-post-thumbnail","hentry","category-noticias","category-gabinete-do-prefeito"],"aioseo_notices":[],"_links":{"self":[{"href":"https:\/\/prefeitura.santarosa.rs.gov.br\/index.php?rest_route=\/wp\/v2\/posts\/117","targetHints":{"allow":["GET"]}}],"collection":[{"href":"https:\/\/prefeitura.santarosa.rs.gov.br\/index.php?rest_route=\/wp\/v2\/posts"}],"about":[{"href":"https:\/\/prefeitura.santarosa.rs.gov.br\/index.php?rest_route=\/wp\/v2\/types\/post"}],"author":[{"embeddable":true,"href":"https:\/\/prefeitura.santarosa.rs.gov.br\/index.php?rest_route=\/wp\/v2\/users\/3"}],"replies":[{"embeddable":true,"href":"https:\/\/prefeitura.santarosa.rs.gov.br\/index.php?rest_route=%2Fwp%2Fv2%2Fcomments&post=117"}],"version-history":[{"count":1,"href":"https:\/\/prefeitura.santarosa.rs.gov.br\/index.php?rest_route=\/wp\/v2\/posts\/117\/revisions"}],"predecessor-version":[{"id":119,"href":"https:\/\/prefeitura.santarosa.rs.gov.br\/index.php?rest_route=\/wp\/v2\/posts\/117\/revisions\/119"}],"wp:featuredmedia":[{"embeddable":true,"href":"https:\/\/prefeitura.santarosa.rs.gov.br\/index.php?rest_route=\/wp\/v2\/media\/118"}],"wp:attachment":[{"href":"https:\/\/prefeitura.santarosa.rs.gov.br\/index.php?rest_route=%2Fwp%2Fv2%2Fmedia&parent=117"}],"wp:term":[{"taxonomy":"category","embeddable":true,"href":"https:\/\/prefeitura.santarosa.rs.gov.br\/index.php?rest_route=%2Fwp%2Fv2%2Fcategories&post=117"},{"taxonomy":"post_tag","embeddable":true,"href":"https:\/\/prefeitura.santarosa.rs.gov.br\/index.php?rest_route=%2Fwp%2Fv2%2Ftags&post=117"}],"curies":[{"name":"wp","href":"https:\/\/api.w.org\/{rel}","templated":true}]}}