{"id":1164,"date":"2021-07-20T15:23:00","date_gmt":"2021-07-20T18:23:00","guid":{"rendered":"https:\/\/prefeitura.santarosa.rs.gov.br\/?p=1164"},"modified":"2024-10-07T09:55:00","modified_gmt":"2024-10-07T12:55:00","slug":"santa-rosa-e-a-cidade-ate-100-mil-habitantes-que-mais-vacinou-no-rs","status":"publish","type":"post","link":"https:\/\/prefeitura.santarosa.rs.gov.br\/?p=1164","title":{"rendered":"Santa Rosa \u00e9 a cidade at\u00e9 100 mil habitantes que mais vacinou no RS"},"content":{"rendered":"\n<p>Santa Rosa ficou em primeiro lugar na categoria de 50 mil at\u00e9 100 mil habitantes.<\/p>\n\n\n\n<p>O Governador Eduardo Leite e a Secret\u00e1ria da Sa\u00fade, Arita Bergmann, anunciaram, na manh\u00e3 desta ter\u00e7a-feira (20), os vencedores da primeira etapa do Pr\u00eamio Te Vacina RS. O objetivo \u00e9 reconhecer e valorizar os munic\u00edpios que mais vacinaram contra a COVID-19 no Rio Grande do Sul. Santa Rosa ficou em primeiro lugar na categoria de 50 mil at\u00e9 100 mil habitantes.<br>O an\u00fancio aconteceu em uma transmiss\u00e3o ao vivo, nos canais oficiais do governo do Estado. A premia\u00e7\u00e3o, \u00e9 de 100 mil reais, e ser\u00e1 utilizada na \u00e1rea da Aten\u00e7\u00e3o Prim\u00e1ria \u00e0 Sa\u00fade, para qualificar os servi\u00e7os. Para o presidente da Funda\u00e7\u00e3o Municipal de Sa\u00fade, D\u00e9lcio Stefan, essa \u00e9 uma grande conquista para o munic\u00edpio, \u201cTer Santa Rosa como a cidade que mais vacinou \u00e9 motivo de grande alegria e de celebrarmos o reconhecimento do trabalho \u00e1rduo de todos que est\u00e3o engajados na vacina\u00e7\u00e3o contra a COVID-19. Temos que destacar muito o empenho de toda nossa equipe\u201d.<\/p>\n\n\n\n<p>A Prefeitura sempre manteve um planejamento estrat\u00e9gico para realizar a vacina\u00e7\u00e3o conforme orienta\u00e7\u00e3o do Estado e do Governo Federal. O processo todo ocorreu com agendamento e sem problemas de fila, e n\u00e3o teve a necessidade de vacina\u00e7\u00e3o aos finais de semana, conforme o plano da equipe da Funda\u00e7\u00e3o de Sa\u00fade. A t\u00e9cnica de enfermagem, Janice Kuhn, que atua nesse processo de vacina\u00e7\u00e3o tamb\u00e9m comemorou, \u201c\u00c9 com a imuniza\u00e7\u00e3o que combatemos as doen\u00e7as. Me sinto grata em poder contribuir com meu trabalho, na preserva\u00e7\u00e3o de vidas e em fazer parte da equipe FUMSSAR que conta com excelentes profissionais, empenhados com um \u00fanico prop\u00f3sito, atingir os 100% dos santa-rosenses vacinados\u201d. Santa Rosa j\u00e1 aplicou at\u00e9 o momento, 55.900 doses. Do total, 37.742 foram de D1, essa quantidade corresponde a 51,5% da popula\u00e7\u00e3o vacinada, 15.897 de D2 e 2.338 de Dose \u00fanica DU, sendo assim temos 18.235 pessoas com a imuniza\u00e7\u00e3o completa, 24,9% dos santa-rosenses.<\/p>\n\n\n\n<p>O c\u00e1lculo levou em considera\u00e7\u00e3o as vacinas aplicadas em rela\u00e7\u00e3o \u00e0s doses distribu\u00eddas em quatro categorias. S\u00e3o duas etapas com premia\u00e7\u00e3o de R$ 625 mil, uma divulgada nesta ter\u00e7a (20) e outra com divulga\u00e7\u00e3o em 20 de agosto. A Diretora da Gest\u00e3o da Aten\u00e7\u00e3o Prim\u00e1ria em Sa\u00fade, Fabiana Breitenbach agradece ao empenho de todos os profissionais envolvidos e afirma que estar\u00e3o dando continuidade nesse trabalho, \u201cH\u00e1 um esfor\u00e7o coletivo entre os profissionais da FUMSSAR, com objetivo de alcan\u00e7ar um melhor cuidado para as pessoas nesta \u00e9poca t\u00e3o dif\u00edcil que estamos vivendo. Meu agradecimento a todas as equipes envolvidas, nossa meta \u00e9 continuar avan\u00e7ando e vacinando cada vez mais pessoas\u201d. Na segunda etapa do pr\u00eamio Te Vacina RS, ser\u00e3o consideradas as doses registradas at\u00e9 \u00e0s 24h de 17 de agosto. O an\u00fancio dos vencedores ser\u00e1 em 20 de agosto.<\/p>\n","protected":false},"excerpt":{"rendered":"<p>Santa Rosa ficou em primeiro lugar na categoria de 50 mil at\u00e9 100 mil habitantes. O Governador Eduardo Leite e<\/p>\n","protected":false},"author":3,"featured_media":1165,"comment_status":"open","ping_status":"open","sticky":false,"template":"","format":"standard","meta":{"footnotes":""},"categories":[6,4,8],"tags":[],"class_list":["post-1164","post","type-post","status-publish","format-standard","has-post-thumbnail","hentry","category-covid-19","category-noticias","category-noticias-fumssar"],"aioseo_notices":[],"_links":{"self":[{"href":"https:\/\/prefeitura.santarosa.rs.gov.br\/index.php?rest_route=\/wp\/v2\/posts\/1164","targetHints":{"allow":["GET"]}}],"collection":[{"href":"https:\/\/prefeitura.santarosa.rs.gov.br\/index.php?rest_route=\/wp\/v2\/posts"}],"about":[{"href":"https:\/\/prefeitura.santarosa.rs.gov.br\/index.php?rest_route=\/wp\/v2\/types\/post"}],"author":[{"embeddable":true,"href":"https:\/\/prefeitura.santarosa.rs.gov.br\/index.php?rest_route=\/wp\/v2\/users\/3"}],"replies":[{"embeddable":true,"href":"https:\/\/prefeitura.santarosa.rs.gov.br\/index.php?rest_route=%2Fwp%2Fv2%2Fcomments&post=1164"}],"version-history":[{"count":1,"href":"https:\/\/prefeitura.santarosa.rs.gov.br\/index.php?rest_route=\/wp\/v2\/posts\/1164\/revisions"}],"predecessor-version":[{"id":1166,"href":"https:\/\/prefeitura.santarosa.rs.gov.br\/index.php?rest_route=\/wp\/v2\/posts\/1164\/revisions\/1166"}],"wp:featuredmedia":[{"embeddable":true,"href":"https:\/\/prefeitura.santarosa.rs.gov.br\/index.php?rest_route=\/wp\/v2\/media\/1165"}],"wp:attachment":[{"href":"https:\/\/prefeitura.santarosa.rs.gov.br\/index.php?rest_route=%2Fwp%2Fv2%2Fmedia&parent=1164"}],"wp:term":[{"taxonomy":"category","embeddable":true,"href":"https:\/\/prefeitura.santarosa.rs.gov.br\/index.php?rest_route=%2Fwp%2Fv2%2Fcategories&post=1164"},{"taxonomy":"post_tag","embeddable":true,"href":"https:\/\/prefeitura.santarosa.rs.gov.br\/index.php?rest_route=%2Fwp%2Fv2%2Ftags&post=1164"}],"curies":[{"name":"wp","href":"https:\/\/api.w.org\/{rel}","templated":true}]}}