{"id":11625,"date":"2024-11-28T09:10:36","date_gmt":"2024-11-28T12:10:36","guid":{"rendered":"https:\/\/prefeitura.santarosa.rs.gov.br\/?p=11625"},"modified":"2024-11-28T09:10:36","modified_gmt":"2024-11-28T12:10:36","slug":"entrega-de-placas-do-fundo-social-do-sicredi-ao-centro-de-referencia-regional-de-atendimento-a-mulher","status":"publish","type":"post","link":"https:\/\/prefeitura.santarosa.rs.gov.br\/?p=11625","title":{"rendered":"Entrega de placas do Fundo Social do Sicredi ao Centro de Refer\u00eancia Regional de Atendimento \u00e0 Mulher"},"content":{"rendered":"\n<figure class=\"wp-block-image size-full\"><img fetchpriority=\"high\" decoding=\"async\" width=\"860\" height=\"645\" src=\"https:\/\/prefeitura.santarosa.rs.gov.br\/wp-content\/uploads\/2024\/11\/Formato-Site-e-Portal-860X645-JPG-14-1.jpg\" alt=\"\" class=\"wp-image-11626\" srcset=\"https:\/\/prefeitura.santarosa.rs.gov.br\/wp-content\/uploads\/2024\/11\/Formato-Site-e-Portal-860X645-JPG-14-1.jpg 860w, https:\/\/prefeitura.santarosa.rs.gov.br\/wp-content\/uploads\/2024\/11\/Formato-Site-e-Portal-860X645-JPG-14-1-300x225.jpg 300w, https:\/\/prefeitura.santarosa.rs.gov.br\/wp-content\/uploads\/2024\/11\/Formato-Site-e-Portal-860X645-JPG-14-1-768x576.jpg 768w\" sizes=\"(max-width: 860px) 100vw, 860px\" \/><\/figure>\n\n\n\n<p>Na ter\u00e7a-feira (26), o Centro de Refer\u00eancia Regional de Atendimento \u00e0 Mulher recebeu as placas do Fundo Social do Sicredi. O CRRM foi contemplado por dois anos consecutivos (2023 e 2024) com recursos para projetos. As inscri\u00e7\u00f5es no fundo foram realizadas em parceria com o Rotary Terra da Soja. Durante o evento, representantes das institui\u00e7\u00f5es parceiras realizaram o descerramento das placas.<\/p>\n\n\n\n<p>Estiveram presentes a Secret\u00e1ria de Desenvolvimento Social de Santa Rosa, Ta\u00edsa Boelter, e a Gerente do CRRM, Mariza Oleynek. Os valores destinados pelo Sicredi e pelo Rotary possibilitaram a compra de diversos itens para a melhoria da infraestrutura do centro. Mariza, emocionada, agradeceu a parceria, &#8220;Queremos agradecer e reconhecer o apoio do Rotary Terra da Soja e da Cooperativa Sicredi Uni\u00e3o por esta parceria que \u00e9 fundamental para que possamos oferecer um atendimento cada vez mais qualificado no CRRM. S\u00e3o melhorias que ir\u00e3o complementar o atendimento e acolhimento que prestamos&#8221;.<\/p>\n\n\n\n<p>O evento contou tamb\u00e9m com a participa\u00e7\u00e3o de integrantes da Rede de Prote\u00e7\u00e3o \u00e0 Mulher de Santa Rosa. Participaram da a\u00e7\u00e3o, Tarc\u00edsio Perlin, Defensor P\u00fablico, Soldado Ivanir Shults da Patrulha Maria da Penha, Talita Geremia, Presidente do Condin e Maria Sirlei Perassolo, Assessora de Pol\u00edticas P\u00fablicas para as Mulheres. O CRRM oferece atendimentos psicol\u00f3gicos, sociais e jur\u00eddicos, com foco no rompimento do ciclo de viol\u00eancia dom\u00e9stica.<\/p>\n","protected":false},"excerpt":{"rendered":"<p>Na ter\u00e7a-feira (26), o Centro de Refer\u00eancia Regional de Atendimento \u00e0 Mulher recebeu as placas do Fundo Social do Sicredi.<\/p>\n","protected":false},"author":6,"featured_media":11627,"comment_status":"closed","ping_status":"closed","sticky":false,"template":"","format":"standard","meta":{"footnotes":""},"categories":[4,17],"tags":[],"class_list":["post-11625","post","type-post","status-publish","format-standard","has-post-thumbnail","hentry","category-noticias","category-secretaria-municipal-de-desenvolvimento-social"],"aioseo_notices":[],"_links":{"self":[{"href":"https:\/\/prefeitura.santarosa.rs.gov.br\/index.php?rest_route=\/wp\/v2\/posts\/11625","targetHints":{"allow":["GET"]}}],"collection":[{"href":"https:\/\/prefeitura.santarosa.rs.gov.br\/index.php?rest_route=\/wp\/v2\/posts"}],"about":[{"href":"https:\/\/prefeitura.santarosa.rs.gov.br\/index.php?rest_route=\/wp\/v2\/types\/post"}],"author":[{"embeddable":true,"href":"https:\/\/prefeitura.santarosa.rs.gov.br\/index.php?rest_route=\/wp\/v2\/users\/6"}],"replies":[{"embeddable":true,"href":"https:\/\/prefeitura.santarosa.rs.gov.br\/index.php?rest_route=%2Fwp%2Fv2%2Fcomments&post=11625"}],"version-history":[{"count":1,"href":"https:\/\/prefeitura.santarosa.rs.gov.br\/index.php?rest_route=\/wp\/v2\/posts\/11625\/revisions"}],"predecessor-version":[{"id":11628,"href":"https:\/\/prefeitura.santarosa.rs.gov.br\/index.php?rest_route=\/wp\/v2\/posts\/11625\/revisions\/11628"}],"wp:featuredmedia":[{"embeddable":true,"href":"https:\/\/prefeitura.santarosa.rs.gov.br\/index.php?rest_route=\/wp\/v2\/media\/11627"}],"wp:attachment":[{"href":"https:\/\/prefeitura.santarosa.rs.gov.br\/index.php?rest_route=%2Fwp%2Fv2%2Fmedia&parent=11625"}],"wp:term":[{"taxonomy":"category","embeddable":true,"href":"https:\/\/prefeitura.santarosa.rs.gov.br\/index.php?rest_route=%2Fwp%2Fv2%2Fcategories&post=11625"},{"taxonomy":"post_tag","embeddable":true,"href":"https:\/\/prefeitura.santarosa.rs.gov.br\/index.php?rest_route=%2Fwp%2Fv2%2Ftags&post=11625"}],"curies":[{"name":"wp","href":"https:\/\/api.w.org\/{rel}","templated":true}]}}