{"id":11562,"date":"2024-11-26T16:05:58","date_gmt":"2024-11-26T19:05:58","guid":{"rendered":"https:\/\/prefeitura.santarosa.rs.gov.br\/?p=11562"},"modified":"2024-11-26T16:06:06","modified_gmt":"2024-11-26T19:06:06","slug":"abertura-da-semana-do-doador-de-sangue-em-santa-rosa-reune-mais-de-500-pessoas","status":"publish","type":"post","link":"https:\/\/prefeitura.santarosa.rs.gov.br\/?p=11562","title":{"rendered":"Abertura da Semana do Doador de Sangue em Santa Rosa re\u00fane mais de 500 pessoas"},"content":{"rendered":"\n<figure class=\"wp-block-image size-full\"><img fetchpriority=\"high\" decoding=\"async\" width=\"860\" height=\"645\" src=\"https:\/\/prefeitura.santarosa.rs.gov.br\/wp-content\/uploads\/2024\/11\/Formato-Site-e-Portal-860X645-JPG-2.png\" alt=\"\" class=\"wp-image-11573\" srcset=\"https:\/\/prefeitura.santarosa.rs.gov.br\/wp-content\/uploads\/2024\/11\/Formato-Site-e-Portal-860X645-JPG-2.png 860w, https:\/\/prefeitura.santarosa.rs.gov.br\/wp-content\/uploads\/2024\/11\/Formato-Site-e-Portal-860X645-JPG-2-300x225.png 300w, https:\/\/prefeitura.santarosa.rs.gov.br\/wp-content\/uploads\/2024\/11\/Formato-Site-e-Portal-860X645-JPG-2-768x576.png 768w\" sizes=\"(max-width: 860px) 100vw, 860px\" \/><\/figure>\n\n\n\n<p>Nesta segunda-feira (25), foi realizada em Santa Rosa a abertura oficial da Semana do Doador de Sangue, em comemora\u00e7\u00e3o ao Dia Nacional do Doador de Sangue. O evento ocorreu no Centro C\u00edvico Cultural Ant\u00f4nio Carlos Borges e reuniu mais de 500 pessoas. A a\u00e7\u00e3o foi promovida pela Prefeitura de Santa Rosa, por meio da FUMSSAR e do Hemocentro Regional de Santa Rosa, com apoio do Hospital Vida e Sa\u00fade e da FEMA.<\/p>\n\n\n\n<p>O Dia Nacional do Doador de Sangue foi institu\u00eddo pela Organiza\u00e7\u00e3o Mundial de Sa\u00fade (OMS) em 2004, com o objetivo de aumentar o n\u00famero de doadores em todo o mundo, conscientizando a popula\u00e7\u00e3o sobre a import\u00e2ncia da doa\u00e7\u00e3o. A cerim\u00f4nia teve como foco valorizar e homenagear os doadores de sangue, considerados her\u00f3is an\u00f4nimos, que salvam vidas todos os dias. Entre os participantes, estiveram a Diretora do Hospital Vida e Sa\u00fade, Vanderli de Barros, o Diretor das Faculdades FEMA, Ant\u00f4nio Ternes, o m\u00e9dico hematologista e hemoterapeuta Dr. Marcus Vinicius Ludwig, que falou sobre \u201cA import\u00e2ncia da doa\u00e7\u00e3o de sangue\u201d, e a Gerente do Hemocentro Regional de Santa Rosa, Sra. Josiane Aquino, que explicou o processo da doa\u00e7\u00e3o, desde a coleta at\u00e9 a transfus\u00e3o.<\/p>\n\n\n\n<p>O evento tamb\u00e9m contou com os depoimentos de Eucl\u00eddio Malmann, doador fidelizado do HEMOSAR, e Andr\u00e9ia Totel, receptora de sangue, que compartilharam suas hist\u00f3rias emocionantes com o p\u00fablico. Eucl\u00eddio, que come\u00e7ou a doar sangue em 1996, realizou sua primeira doa\u00e7\u00e3o no HEMOSAR em 1998, ano de sua inaugura\u00e7\u00e3o. Ele j\u00e1 completou 86 doa\u00e7\u00f5es e continua sendo um exemplo de solidariedade. O presidente da FUMSSAR, D\u00e9lcio Stefan, ressaltou a relev\u00e2ncia da doa\u00e7\u00e3o de sangue e agradeceu \u00e0 comunidade de Santa Rosa pela constante participa\u00e7\u00e3o nesse ato de solidariedade, \u201cEstamos orgulhosos do trabalho que vem sendo desenvolvido no HEMOSAR. Conseguimos manter um estoque seguro de todos os tipos de sangue, gra\u00e7as ao apoio e colabora\u00e7\u00e3o da comunidade tem sido essencial para o sucesso das nossas a\u00e7\u00f5es e para salvar tantas vidas\u201d.<\/p>\n\n\n\n<p>Atualmente, o HEMOSAR realiza cerca de 850 coletas de sangue por m\u00eas e atende 52 munic\u00edpios da regi\u00e3o Noroeste. A programa\u00e7\u00e3o da Semana do Doador segue at\u00e9 s\u00e1bado (30), com uma visita de um grupo de doadores ao Hemocentro.<\/p>\n","protected":false},"excerpt":{"rendered":"<p>Nesta segunda-feira (25), foi realizada em Santa Rosa a abertura oficial da Semana do Doador de Sangue, em comemora\u00e7\u00e3o ao<\/p>\n","protected":false},"author":6,"featured_media":11574,"comment_status":"closed","ping_status":"open","sticky":false,"template":"","format":"standard","meta":{"footnotes":""},"categories":[4,8],"tags":[],"class_list":["post-11562","post","type-post","status-publish","format-standard","has-post-thumbnail","hentry","category-noticias","category-noticias-fumssar"],"aioseo_notices":[],"_links":{"self":[{"href":"https:\/\/prefeitura.santarosa.rs.gov.br\/index.php?rest_route=\/wp\/v2\/posts\/11562","targetHints":{"allow":["GET"]}}],"collection":[{"href":"https:\/\/prefeitura.santarosa.rs.gov.br\/index.php?rest_route=\/wp\/v2\/posts"}],"about":[{"href":"https:\/\/prefeitura.santarosa.rs.gov.br\/index.php?rest_route=\/wp\/v2\/types\/post"}],"author":[{"embeddable":true,"href":"https:\/\/prefeitura.santarosa.rs.gov.br\/index.php?rest_route=\/wp\/v2\/users\/6"}],"replies":[{"embeddable":true,"href":"https:\/\/prefeitura.santarosa.rs.gov.br\/index.php?rest_route=%2Fwp%2Fv2%2Fcomments&post=11562"}],"version-history":[{"count":1,"href":"https:\/\/prefeitura.santarosa.rs.gov.br\/index.php?rest_route=\/wp\/v2\/posts\/11562\/revisions"}],"predecessor-version":[{"id":11575,"href":"https:\/\/prefeitura.santarosa.rs.gov.br\/index.php?rest_route=\/wp\/v2\/posts\/11562\/revisions\/11575"}],"wp:featuredmedia":[{"embeddable":true,"href":"https:\/\/prefeitura.santarosa.rs.gov.br\/index.php?rest_route=\/wp\/v2\/media\/11574"}],"wp:attachment":[{"href":"https:\/\/prefeitura.santarosa.rs.gov.br\/index.php?rest_route=%2Fwp%2Fv2%2Fmedia&parent=11562"}],"wp:term":[{"taxonomy":"category","embeddable":true,"href":"https:\/\/prefeitura.santarosa.rs.gov.br\/index.php?rest_route=%2Fwp%2Fv2%2Fcategories&post=11562"},{"taxonomy":"post_tag","embeddable":true,"href":"https:\/\/prefeitura.santarosa.rs.gov.br\/index.php?rest_route=%2Fwp%2Fv2%2Ftags&post=11562"}],"curies":[{"name":"wp","href":"https:\/\/api.w.org\/{rel}","templated":true}]}}