{"id":11532,"date":"2024-11-26T14:26:01","date_gmt":"2024-11-26T17:26:01","guid":{"rendered":"https:\/\/prefeitura.santarosa.rs.gov.br\/?p=11532"},"modified":"2024-11-26T15:15:13","modified_gmt":"2024-11-26T18:15:13","slug":"1-trofeu-santa-rosa-de-atletismo","status":"publish","type":"post","link":"https:\/\/prefeitura.santarosa.rs.gov.br\/?p=11532","title":{"rendered":"1\u00b0 TROF\u00c9U SANTA ROSA DE ATLETISMO"},"content":{"rendered":"\n<figure class=\"wp-block-image size-full\"><img fetchpriority=\"high\" decoding=\"async\" width=\"860\" height=\"645\" src=\"https:\/\/prefeitura.santarosa.rs.gov.br\/wp-content\/uploads\/2024\/11\/Formato-Site-e-Portal-860X645-JPG-7-1.jpg\" alt=\"\" class=\"wp-image-11528\" srcset=\"https:\/\/prefeitura.santarosa.rs.gov.br\/wp-content\/uploads\/2024\/11\/Formato-Site-e-Portal-860X645-JPG-7-1.jpg 860w, https:\/\/prefeitura.santarosa.rs.gov.br\/wp-content\/uploads\/2024\/11\/Formato-Site-e-Portal-860X645-JPG-7-1-300x225.jpg 300w, https:\/\/prefeitura.santarosa.rs.gov.br\/wp-content\/uploads\/2024\/11\/Formato-Site-e-Portal-860X645-JPG-7-1-768x576.jpg 768w\" sizes=\"(max-width: 860px) 100vw, 860px\" \/><\/figure>\n\n\n\n<p>Aconteceu no \u00faltimo s\u00e1bado, dia 23 de novembro, no turno da manh\u00e3, as provas do Trof\u00e9u de Atletismo no munic\u00edpio. A Prefeitura por meio da Secretaria de Esporte promoveu a competi\u00e7\u00e3o que contou com a participa\u00e7\u00e3o de mais de 150 atletas de Santa Rosa, Santo \u00c2ngelo e Giru\u00e1. Foram distribu\u00eddas 114 medalhas e realizadas 38 provas de pista e de campo.<\/p>\n\n\n\n<p>As provas foram de 50m, 100m, 150m, 200m, 400m, 500m, 800m, 1.000m, Revezamento misto 4x100m e 4x400m e as provas de arremesso de peso e salto em dist\u00e2ncia. A competi\u00e7\u00e3o contou com diversas categorias: SUB-12, SUB-14, SUB-16 e SUB-18, masculino e feminino. O evento teve o apoio da Funda\u00e7\u00e3o Municipal de Sa\u00fade, 19\u00b0 RCMec, Col\u00e9gio Conc\u00f3rdia, Maratona Clube, 15 Milhas e das escolas: PAUL HARRIS, GIORDANI, \u00c9RICO VER\u00cdSSIMO, RAUL OLIVEIRA, SANTA RITA, SULINA e GL\u00d3RIA.<\/p>\n\n\n\n<p>O Atleta Destaque do Trof\u00e9u Santa Rosa de Atletismo foi Carlos Vidor da ANR\/ADIDAS, SUB-12 da cidade de Santo \u00c2ngelo.<\/p>\n","protected":false},"excerpt":{"rendered":"<p>Aconteceu no \u00faltimo s\u00e1bado, dia 23 de novembro, no turno da manh\u00e3, as provas do Trof\u00e9u de Atletismo no munic\u00edpio.<\/p>\n","protected":false},"author":6,"featured_media":11534,"comment_status":"closed","ping_status":"open","sticky":false,"template":"","format":"standard","meta":{"footnotes":""},"categories":[4,19,1],"tags":[],"class_list":["post-11532","post","type-post","status-publish","format-standard","has-post-thumbnail","hentry","category-noticias","category-secretaria-municipal-de-esporte","category-sem-categoria"],"aioseo_notices":[],"_links":{"self":[{"href":"https:\/\/prefeitura.santarosa.rs.gov.br\/index.php?rest_route=\/wp\/v2\/posts\/11532","targetHints":{"allow":["GET"]}}],"collection":[{"href":"https:\/\/prefeitura.santarosa.rs.gov.br\/index.php?rest_route=\/wp\/v2\/posts"}],"about":[{"href":"https:\/\/prefeitura.santarosa.rs.gov.br\/index.php?rest_route=\/wp\/v2\/types\/post"}],"author":[{"embeddable":true,"href":"https:\/\/prefeitura.santarosa.rs.gov.br\/index.php?rest_route=\/wp\/v2\/users\/6"}],"replies":[{"embeddable":true,"href":"https:\/\/prefeitura.santarosa.rs.gov.br\/index.php?rest_route=%2Fwp%2Fv2%2Fcomments&post=11532"}],"version-history":[{"count":2,"href":"https:\/\/prefeitura.santarosa.rs.gov.br\/index.php?rest_route=\/wp\/v2\/posts\/11532\/revisions"}],"predecessor-version":[{"id":11559,"href":"https:\/\/prefeitura.santarosa.rs.gov.br\/index.php?rest_route=\/wp\/v2\/posts\/11532\/revisions\/11559"}],"wp:featuredmedia":[{"embeddable":true,"href":"https:\/\/prefeitura.santarosa.rs.gov.br\/index.php?rest_route=\/wp\/v2\/media\/11534"}],"wp:attachment":[{"href":"https:\/\/prefeitura.santarosa.rs.gov.br\/index.php?rest_route=%2Fwp%2Fv2%2Fmedia&parent=11532"}],"wp:term":[{"taxonomy":"category","embeddable":true,"href":"https:\/\/prefeitura.santarosa.rs.gov.br\/index.php?rest_route=%2Fwp%2Fv2%2Fcategories&post=11532"},{"taxonomy":"post_tag","embeddable":true,"href":"https:\/\/prefeitura.santarosa.rs.gov.br\/index.php?rest_route=%2Fwp%2Fv2%2Ftags&post=11532"}],"curies":[{"name":"wp","href":"https:\/\/api.w.org\/{rel}","templated":true}]}}