{"id":1152,"date":"2021-07-22T17:46:00","date_gmt":"2021-07-22T20:46:00","guid":{"rendered":"https:\/\/prefeitura.santarosa.rs.gov.br\/?p=1152"},"modified":"2024-10-07T09:55:00","modified_gmt":"2024-10-07T12:55:00","slug":"secretaria-de-educacao-deve-retornar-programa-aabb-comunidade","status":"publish","type":"post","link":"https:\/\/prefeitura.santarosa.rs.gov.br\/?p=1152","title":{"rendered":"Secretaria de Educa\u00e7\u00e3o deve retornar Programa AABB Comunidade"},"content":{"rendered":"\n<p>Para execu\u00e7\u00e3o do Programa \u00e9 realizado um conv\u00eanio entre a Prefeitura Municipal e a Federa\u00e7\u00e3o do Banco do Brasil.<\/p>\n\n\n\n<p>A Secretaria Municipal de Educa\u00e7\u00e3o e Cultura quer retomar o Programa AABB Comunidade. As atividades devem voltar no segundo semestre desse ano. Este Programa atende crian\u00e7as de 6 a 14 anos, principalmente de baixa renda. Ele est\u00e1 em funcionamento no munic\u00edpio h\u00e1 mais de 20 anos.<br><br>Para execu\u00e7\u00e3o do Programa \u00e9 realizado um conv\u00eanio entre a Prefeitura Municipal e a Federa\u00e7\u00e3o do Banco do Brasil. A Prefeitura disponibiliza o quadro de profissionais para o atendimento dos alunos e o Banco do Brasil os uniformes e a estrutura f\u00edsica para o desenvolvimento das a\u00e7\u00f5es. Os alunos participam do Programa no contra turno da escola onde est\u00e3o matriculados. Nesse turno, ter\u00e3o diversas oficinas pedag\u00f3gicas, al\u00e9m de refor\u00e7o das atividades escolares.<br><br>Segundo a Secret\u00e1ria de Educa\u00e7\u00e3o e Cultura, Lires Zimmermann, \u201cEste programa \u00e9 muito significativo e tem um papel de relev\u00e2ncia social, pois oportuniza a essas crian\u00e7as e adolescentes novas aprendizagens, que contribuem na sua forma\u00e7\u00e3o e no seu pleno desenvolvimento\u201d. As atividades s\u00e3o realizadas na sede da Associa\u00e7\u00e3o do Banco do Brasil.(AABB). O Programa integra\u00e7\u00e3o AABB Comunidade estar\u00e1 com as inscri\u00e7\u00f5es abertas para o contraturno escolar na sede da AABB de Santa Rosa no per\u00edodo de 20 \u00e0 27 de julho de 2021. Inicialmente a inten\u00e7\u00e3o da SMEC \u00e9 atender 100 crian\u00e7as, o que poder\u00e1 ser ampliado gradativamente para 200 crian\u00e7as no ano seguinte, assim que for poss\u00edvel em fun\u00e7\u00e3o das restri\u00e7\u00f5es da pandemia.<br><br>Para efetuar as inscri\u00e7\u00f5es os pais devem comparecer na sede da AABB , no hor\u00e1rio das 8 \u00e0s 11 horas e no turno da tarde, das 14 \u00e0s 17 horas, e levar os seguintes documentos:<br><br>1-comprovante de renda (at\u00e9 \u00bd sal\u00e1rio m\u00ednimo por membro da fam\u00edlia)<br>2-cart\u00e3o do NIS (feito no CRAS mais pr\u00f3ximo de sua resid\u00eancia)<br>3-x\u00e9rox do RG e CPF da crian\u00e7a e da m\u00e3e<br>4-x\u00e9rox do cart\u00e3o do sus<br>5-x\u00e9rox do comprovante de resid\u00eancia<br>6-atestado de matr\u00edcula da escola onde estuda<br>7-boletim do 1\u00ba trimestre de 2021<\/p>\n","protected":false},"excerpt":{"rendered":"<p>Para execu\u00e7\u00e3o do Programa \u00e9 realizado um conv\u00eanio entre a Prefeitura Municipal e a Federa\u00e7\u00e3o do Banco do Brasil. A<\/p>\n","protected":false},"author":3,"featured_media":1153,"comment_status":"open","ping_status":"open","sticky":false,"template":"","format":"standard","meta":{"footnotes":""},"categories":[4,17],"tags":[],"class_list":["post-1152","post","type-post","status-publish","format-standard","has-post-thumbnail","hentry","category-noticias","category-secretaria-municipal-de-desenvolvimento-social"],"aioseo_notices":[],"_links":{"self":[{"href":"https:\/\/prefeitura.santarosa.rs.gov.br\/index.php?rest_route=\/wp\/v2\/posts\/1152","targetHints":{"allow":["GET"]}}],"collection":[{"href":"https:\/\/prefeitura.santarosa.rs.gov.br\/index.php?rest_route=\/wp\/v2\/posts"}],"about":[{"href":"https:\/\/prefeitura.santarosa.rs.gov.br\/index.php?rest_route=\/wp\/v2\/types\/post"}],"author":[{"embeddable":true,"href":"https:\/\/prefeitura.santarosa.rs.gov.br\/index.php?rest_route=\/wp\/v2\/users\/3"}],"replies":[{"embeddable":true,"href":"https:\/\/prefeitura.santarosa.rs.gov.br\/index.php?rest_route=%2Fwp%2Fv2%2Fcomments&post=1152"}],"version-history":[{"count":1,"href":"https:\/\/prefeitura.santarosa.rs.gov.br\/index.php?rest_route=\/wp\/v2\/posts\/1152\/revisions"}],"predecessor-version":[{"id":1154,"href":"https:\/\/prefeitura.santarosa.rs.gov.br\/index.php?rest_route=\/wp\/v2\/posts\/1152\/revisions\/1154"}],"wp:featuredmedia":[{"embeddable":true,"href":"https:\/\/prefeitura.santarosa.rs.gov.br\/index.php?rest_route=\/wp\/v2\/media\/1153"}],"wp:attachment":[{"href":"https:\/\/prefeitura.santarosa.rs.gov.br\/index.php?rest_route=%2Fwp%2Fv2%2Fmedia&parent=1152"}],"wp:term":[{"taxonomy":"category","embeddable":true,"href":"https:\/\/prefeitura.santarosa.rs.gov.br\/index.php?rest_route=%2Fwp%2Fv2%2Fcategories&post=1152"},{"taxonomy":"post_tag","embeddable":true,"href":"https:\/\/prefeitura.santarosa.rs.gov.br\/index.php?rest_route=%2Fwp%2Fv2%2Ftags&post=1152"}],"curies":[{"name":"wp","href":"https:\/\/api.w.org\/{rel}","templated":true}]}}