{"id":11510,"date":"2024-11-26T14:15:41","date_gmt":"2024-11-26T17:15:41","guid":{"rendered":"https:\/\/prefeitura.santarosa.rs.gov.br\/?p=11510"},"modified":"2024-11-26T14:15:41","modified_gmt":"2024-11-26T17:15:41","slug":"exposicao-relatos-de-vitimas-da-violencia-acontece-em-santa-rosa","status":"publish","type":"post","link":"https:\/\/prefeitura.santarosa.rs.gov.br\/?p=11510","title":{"rendered":"Exposi\u00e7\u00e3o \u201cRelatos de V\u00edtimas da Viol\u00eancia\u201d acontece em Santa Rosa"},"content":{"rendered":"\n<figure class=\"wp-block-image size-full\"><img fetchpriority=\"high\" decoding=\"async\" width=\"860\" height=\"645\" src=\"https:\/\/prefeitura.santarosa.rs.gov.br\/wp-content\/uploads\/2024\/11\/Formato-Site-e-Portal-860X645-JPG-6-1.jpg\" alt=\"\" class=\"wp-image-11511\" srcset=\"https:\/\/prefeitura.santarosa.rs.gov.br\/wp-content\/uploads\/2024\/11\/Formato-Site-e-Portal-860X645-JPG-6-1.jpg 860w, https:\/\/prefeitura.santarosa.rs.gov.br\/wp-content\/uploads\/2024\/11\/Formato-Site-e-Portal-860X645-JPG-6-1-300x225.jpg 300w, https:\/\/prefeitura.santarosa.rs.gov.br\/wp-content\/uploads\/2024\/11\/Formato-Site-e-Portal-860X645-JPG-6-1-768x576.jpg 768w\" sizes=\"(max-width: 860px) 100vw, 860px\" \/><\/figure>\n\n\n\n<p>A Rede de Prote\u00e7\u00e3o \u00e0 Mulher de Santa Rosa promove os 16 Dias de Ativismo pelo Fim da Viol\u00eancia contra a Mulher. A a\u00e7\u00e3o conta com o apoio da Prefeitura e traz reflex\u00f5es sobre os diversos cen\u00e1rios de viol\u00eancia de g\u00eanero que afetam meninas e mulheres. Dentre as atividades programadas, ocorreu, nesta segunda-feira (25), a abertura da Exposi\u00e7\u00e3o \u201cRelatos de V\u00edtimas da Viol\u00eancia\u201d. O evento foi realizado na Biblioteca P\u00fablica Municipal Olavo Bilac, com a presen\u00e7a de autoridades e da comunidade.<\/p>\n\n\n\n<p>A a\u00e7\u00e3o \u00e9 realizada em parceria com a Secretaria de Desenvolvimento Social e a Assessoria de Pol\u00edticas para as Mulheres. A inten\u00e7\u00e3o \u00e9 mobilizar toda a sociedade na conscientiza\u00e7\u00e3o, preven\u00e7\u00e3o e combate \u00e0 viol\u00eancia de g\u00eanero, &#8220;Este \u00e9 um momento crucial para refor\u00e7armos o compromisso coletivo no enfrentamento da viol\u00eancia contra a mulher. Convido todos a visitarem a exposi\u00e7\u00e3o e se engajarem nessa luta&#8221;, destacou a Secret\u00e1ria de Desenvolvimento Social, Taisa Boelter.<\/p>\n\n\n\n<p>A exposi\u00e7\u00e3o estar\u00e1 aberta para visita\u00e7\u00e3o at\u00e9 o dia 10 de dezembro, com entrada gratuita.<\/p>\n","protected":false},"excerpt":{"rendered":"<p>A Rede de Prote\u00e7\u00e3o \u00e0 Mulher de Santa Rosa promove os 16 Dias de Ativismo pelo Fim da Viol\u00eancia contra<\/p>\n","protected":false},"author":6,"featured_media":11517,"comment_status":"open","ping_status":"open","sticky":false,"template":"","format":"standard","meta":{"footnotes":""},"categories":[4,17],"tags":[],"class_list":["post-11510","post","type-post","status-publish","format-standard","has-post-thumbnail","hentry","category-noticias","category-secretaria-municipal-de-desenvolvimento-social"],"aioseo_notices":[],"_links":{"self":[{"href":"https:\/\/prefeitura.santarosa.rs.gov.br\/index.php?rest_route=\/wp\/v2\/posts\/11510","targetHints":{"allow":["GET"]}}],"collection":[{"href":"https:\/\/prefeitura.santarosa.rs.gov.br\/index.php?rest_route=\/wp\/v2\/posts"}],"about":[{"href":"https:\/\/prefeitura.santarosa.rs.gov.br\/index.php?rest_route=\/wp\/v2\/types\/post"}],"author":[{"embeddable":true,"href":"https:\/\/prefeitura.santarosa.rs.gov.br\/index.php?rest_route=\/wp\/v2\/users\/6"}],"replies":[{"embeddable":true,"href":"https:\/\/prefeitura.santarosa.rs.gov.br\/index.php?rest_route=%2Fwp%2Fv2%2Fcomments&post=11510"}],"version-history":[{"count":2,"href":"https:\/\/prefeitura.santarosa.rs.gov.br\/index.php?rest_route=\/wp\/v2\/posts\/11510\/revisions"}],"predecessor-version":[{"id":11519,"href":"https:\/\/prefeitura.santarosa.rs.gov.br\/index.php?rest_route=\/wp\/v2\/posts\/11510\/revisions\/11519"}],"wp:featuredmedia":[{"embeddable":true,"href":"https:\/\/prefeitura.santarosa.rs.gov.br\/index.php?rest_route=\/wp\/v2\/media\/11517"}],"wp:attachment":[{"href":"https:\/\/prefeitura.santarosa.rs.gov.br\/index.php?rest_route=%2Fwp%2Fv2%2Fmedia&parent=11510"}],"wp:term":[{"taxonomy":"category","embeddable":true,"href":"https:\/\/prefeitura.santarosa.rs.gov.br\/index.php?rest_route=%2Fwp%2Fv2%2Fcategories&post=11510"},{"taxonomy":"post_tag","embeddable":true,"href":"https:\/\/prefeitura.santarosa.rs.gov.br\/index.php?rest_route=%2Fwp%2Fv2%2Ftags&post=11510"}],"curies":[{"name":"wp","href":"https:\/\/api.w.org\/{rel}","templated":true}]}}