{"id":1149,"date":"2021-07-23T13:37:00","date_gmt":"2021-07-23T16:37:00","guid":{"rendered":"https:\/\/prefeitura.santarosa.rs.gov.br\/?p=1149"},"modified":"2024-10-07T09:55:00","modified_gmt":"2024-10-07T12:55:00","slug":"vacina-contra-covid-19-em-adolescentes-de-12-a-17-anos-com-comorbidades","status":"publish","type":"post","link":"https:\/\/prefeitura.santarosa.rs.gov.br\/?p=1149","title":{"rendered":"Vacina contra COVID-19 em adolescentes de 12 a 17 anos com comorbidades"},"content":{"rendered":"\n<p>O Dia \u201cD\u201d para esse novo grupo ser\u00e1 na quarta-feira (28\/07). A imuniza\u00e7\u00e3o vai ser feita mediante agendamento pr\u00e9vio, nas seguintes Unidades B\u00e1sicas de Sa\u00fade: Auxiliadora, Centro, Cruzeiro e Planalto.<\/p>\n\n\n\n<p>A Funda\u00e7\u00e3o Municipal de Sa\u00fade de Santa Rosa informa que vai come\u00e7ar a vacina\u00e7\u00e3o contra a COVID-19, em adolescentes com comorbidades, de 12 a 17 anos. O Dia \u201cD\u201d para esse novo grupo ser\u00e1 na quarta-feira (28\/07). A imuniza\u00e7\u00e3o vai ser feita mediante agendamento pr\u00e9vio, nas seguintes Unidades B\u00e1sicas de Sa\u00fade: Auxiliadora, Centro, Cruzeiro e Planalto. Para receber a vacina, al\u00e9m do documento de identifica\u00e7\u00e3o com foto, CPF, cart\u00e3o SUS e caderneta de vacina\u00e7\u00e3o, \u00e9 preciso apresentar um comprovante da comorbidade, conforme lista da SES, que pode ser receita, laudo ou atestado m\u00e9dico.<br><br>As comorbidades contempladas nesta fase de vacina\u00e7\u00e3o s\u00e3o: obesidade grave, pneumopatias cr\u00f4nicas graves, imunodeprimidos, hemoglobinopatia grave, doen\u00e7a cardiovascular, doen\u00e7a neurol\u00f3gica cr\u00f4nica e diabete Mellitus. Especifica\u00e7\u00f5es e a lista completa dos documentos comprobat\u00f3rios est\u00e3o no Informe T\u00e9cnico n\u00ba 10\/2021 da Secretaria Estadual de Sa\u00fade do RS que pode ser acessado no link: <a href=\"https:\/\/www.estado.rs.gov.br\/upload\/arquivos\/\/informe-tecnico-adolescente-comorbidades.pdf\" target=\"_blank\" rel=\"noreferrer noopener\">https:\/\/www.estado.rs.gov.br\/upload\/arquivos\/\/informe-tecnico-adolescente-comorbidades.pdf<\/a>.<br><br>Esse p\u00fablico receber\u00e1 a vacina da Pfizer, a \u00fanica que pode ser aplicada em menores de 18 anos no Brasil de acordo com a Anvisa. A FUMSSAR lembra que todos adolescentes precisam estar acompanhados dos pais ou respons\u00e1veis. O agendamento deve ser feito no telefone: (55) 3513-5148 ou por mensagem no WhatsApp: (55) 3513-5118.<\/p>\n","protected":false},"excerpt":{"rendered":"<p>O Dia \u201cD\u201d para esse novo grupo ser\u00e1 na quarta-feira (28\/07). A imuniza\u00e7\u00e3o vai ser feita mediante agendamento pr\u00e9vio, nas<\/p>\n","protected":false},"author":3,"featured_media":1150,"comment_status":"open","ping_status":"open","sticky":false,"template":"","format":"standard","meta":{"footnotes":""},"categories":[6,4,8],"tags":[],"class_list":["post-1149","post","type-post","status-publish","format-standard","has-post-thumbnail","hentry","category-covid-19","category-noticias","category-noticias-fumssar"],"aioseo_notices":[],"_links":{"self":[{"href":"https:\/\/prefeitura.santarosa.rs.gov.br\/index.php?rest_route=\/wp\/v2\/posts\/1149","targetHints":{"allow":["GET"]}}],"collection":[{"href":"https:\/\/prefeitura.santarosa.rs.gov.br\/index.php?rest_route=\/wp\/v2\/posts"}],"about":[{"href":"https:\/\/prefeitura.santarosa.rs.gov.br\/index.php?rest_route=\/wp\/v2\/types\/post"}],"author":[{"embeddable":true,"href":"https:\/\/prefeitura.santarosa.rs.gov.br\/index.php?rest_route=\/wp\/v2\/users\/3"}],"replies":[{"embeddable":true,"href":"https:\/\/prefeitura.santarosa.rs.gov.br\/index.php?rest_route=%2Fwp%2Fv2%2Fcomments&post=1149"}],"version-history":[{"count":1,"href":"https:\/\/prefeitura.santarosa.rs.gov.br\/index.php?rest_route=\/wp\/v2\/posts\/1149\/revisions"}],"predecessor-version":[{"id":1151,"href":"https:\/\/prefeitura.santarosa.rs.gov.br\/index.php?rest_route=\/wp\/v2\/posts\/1149\/revisions\/1151"}],"wp:featuredmedia":[{"embeddable":true,"href":"https:\/\/prefeitura.santarosa.rs.gov.br\/index.php?rest_route=\/wp\/v2\/media\/1150"}],"wp:attachment":[{"href":"https:\/\/prefeitura.santarosa.rs.gov.br\/index.php?rest_route=%2Fwp%2Fv2%2Fmedia&parent=1149"}],"wp:term":[{"taxonomy":"category","embeddable":true,"href":"https:\/\/prefeitura.santarosa.rs.gov.br\/index.php?rest_route=%2Fwp%2Fv2%2Fcategories&post=1149"},{"taxonomy":"post_tag","embeddable":true,"href":"https:\/\/prefeitura.santarosa.rs.gov.br\/index.php?rest_route=%2Fwp%2Fv2%2Ftags&post=1149"}],"curies":[{"name":"wp","href":"https:\/\/api.w.org\/{rel}","templated":true}]}}