{"id":11487,"date":"2024-11-25T16:28:42","date_gmt":"2024-11-25T19:28:42","guid":{"rendered":"https:\/\/prefeitura.santarosa.rs.gov.br\/?p=11487"},"modified":"2024-11-25T16:28:44","modified_gmt":"2024-11-25T19:28:44","slug":"prefeitura-divulga-prazos-das-matriculas-rematriculas-e-transferencias-na-rede-municipal-de-ensino-para-2025","status":"publish","type":"post","link":"https:\/\/prefeitura.santarosa.rs.gov.br\/?p=11487","title":{"rendered":"Prefeitura divulga prazos das matr\u00edculas, rematr\u00edculas e transfer\u00eancias na Rede Municipal de Ensino para 2025"},"content":{"rendered":"\n<figure class=\"wp-block-image size-full\"><img fetchpriority=\"high\" decoding=\"async\" width=\"860\" height=\"645\" src=\"https:\/\/prefeitura.santarosa.rs.gov.br\/wp-content\/uploads\/2024\/11\/Formato-Site-e-Portal-860X645-JPG-4-2.jpg\" alt=\"\" class=\"wp-image-11500\" srcset=\"https:\/\/prefeitura.santarosa.rs.gov.br\/wp-content\/uploads\/2024\/11\/Formato-Site-e-Portal-860X645-JPG-4-2.jpg 860w, https:\/\/prefeitura.santarosa.rs.gov.br\/wp-content\/uploads\/2024\/11\/Formato-Site-e-Portal-860X645-JPG-4-2-300x225.jpg 300w, https:\/\/prefeitura.santarosa.rs.gov.br\/wp-content\/uploads\/2024\/11\/Formato-Site-e-Portal-860X645-JPG-4-2-768x576.jpg 768w\" sizes=\"(max-width: 860px) 100vw, 860px\" \/><\/figure>\n\n\n\n<p>A Prefeitura de Santa Rosa atrav\u00e9s da Secretaria de Educa\u00e7\u00e3o e Cultura, informa que est\u00e1 aberto o per\u00edodo para as matr\u00edculas, rematr\u00edculas e transfer\u00eancias na Rede Municipal de Ensino para o ano letivo de 2025. Confira abaixo o calend\u00e1rio:<\/p>\n\n\n\n<p>\u2013 Rematr\u00edculas: 25 a 29 de novembro<br>Todos os estudantes matriculados nas EMEIs e EMEFs<\/p>\n\n\n\n<p>\u2013 Solicita\u00e7\u00e3o de Transfer\u00eancias: 25 a 29 de novembro<br>Entre escolas da Rede Municipal de Ensino, na mesma modalidade (Ed. Infantil ou Ens. Fundamental)<br>O respons\u00e1vel pelo estudante dever\u00e1 preencher a Ficha Padr\u00e3o na escola em que est\u00e1 matriculado e frequentando.<br>A fam\u00edlia ser\u00e1 avisada at\u00e9 o dia 09\/12\/2024 se o estudante conseguiu ou n\u00e3o a vaga conforme a solicita\u00e7\u00e3o realizada. A escola ir\u00e1 informar a data para efetiva\u00e7\u00e3o da matr\u00edcula, ainda no ano letivo de 2024.<\/p>\n\n\n\n<p>\u2013 Inscri\u00e7\u00e3o para Matr\u00edculas nas turmas de 1\u00ba ano &#8211; Estudantes que j\u00e1 frequentam a Rede Municipal de Ensino: 02 a 04 de dezembro<br>A confirma\u00e7\u00e3o da matr\u00edcula ser\u00e1 realizada nos dias: 05 e 06\/12.<\/p>\n\n\n\n<p>\u2013 Matr\u00edculas \u2013 Alunos Novos: 09 a 13 de dezembro<br>Alunos novos na pr\u00e9-escola de 4 e 5 anos nas EMEIs e nas demais turmas nas EMEFs (crian\u00e7as da rede particular, estadual ou que n\u00e3o frequentaram a escola at\u00e9 o momento).<\/p>\n","protected":false},"excerpt":{"rendered":"<p>A Prefeitura de Santa Rosa atrav\u00e9s da Secretaria de Educa\u00e7\u00e3o e Cultura, informa que est\u00e1 aberto o per\u00edodo para as<\/p>\n","protected":false},"author":6,"featured_media":11501,"comment_status":"closed","ping_status":"closed","sticky":false,"template":"","format":"standard","meta":{"footnotes":""},"categories":[4,18],"tags":[],"class_list":["post-11487","post","type-post","status-publish","format-standard","has-post-thumbnail","hentry","category-noticias","category-secretaria-municipal-de-educacao-e-cultura"],"aioseo_notices":[],"_links":{"self":[{"href":"https:\/\/prefeitura.santarosa.rs.gov.br\/index.php?rest_route=\/wp\/v2\/posts\/11487","targetHints":{"allow":["GET"]}}],"collection":[{"href":"https:\/\/prefeitura.santarosa.rs.gov.br\/index.php?rest_route=\/wp\/v2\/posts"}],"about":[{"href":"https:\/\/prefeitura.santarosa.rs.gov.br\/index.php?rest_route=\/wp\/v2\/types\/post"}],"author":[{"embeddable":true,"href":"https:\/\/prefeitura.santarosa.rs.gov.br\/index.php?rest_route=\/wp\/v2\/users\/6"}],"replies":[{"embeddable":true,"href":"https:\/\/prefeitura.santarosa.rs.gov.br\/index.php?rest_route=%2Fwp%2Fv2%2Fcomments&post=11487"}],"version-history":[{"count":1,"href":"https:\/\/prefeitura.santarosa.rs.gov.br\/index.php?rest_route=\/wp\/v2\/posts\/11487\/revisions"}],"predecessor-version":[{"id":11502,"href":"https:\/\/prefeitura.santarosa.rs.gov.br\/index.php?rest_route=\/wp\/v2\/posts\/11487\/revisions\/11502"}],"wp:featuredmedia":[{"embeddable":true,"href":"https:\/\/prefeitura.santarosa.rs.gov.br\/index.php?rest_route=\/wp\/v2\/media\/11501"}],"wp:attachment":[{"href":"https:\/\/prefeitura.santarosa.rs.gov.br\/index.php?rest_route=%2Fwp%2Fv2%2Fmedia&parent=11487"}],"wp:term":[{"taxonomy":"category","embeddable":true,"href":"https:\/\/prefeitura.santarosa.rs.gov.br\/index.php?rest_route=%2Fwp%2Fv2%2Fcategories&post=11487"},{"taxonomy":"post_tag","embeddable":true,"href":"https:\/\/prefeitura.santarosa.rs.gov.br\/index.php?rest_route=%2Fwp%2Fv2%2Ftags&post=11487"}],"curies":[{"name":"wp","href":"https:\/\/api.w.org\/{rel}","templated":true}]}}