{"id":11474,"date":"2024-11-25T16:04:15","date_gmt":"2024-11-25T19:04:15","guid":{"rendered":"https:\/\/prefeitura.santarosa.rs.gov.br\/?p=11474"},"modified":"2024-12-17T13:44:28","modified_gmt":"2024-12-17T16:44:28","slug":"2a-conferencia-municipal-do-meio-ambiente","status":"publish","type":"post","link":"https:\/\/prefeitura.santarosa.rs.gov.br\/?p=11474","title":{"rendered":"<strong>2\u00aa CONFER\u00caNCIA MUNICIPAL DO MEIO AMBIENTE<\/strong>"},"content":{"rendered":"\n<figure class=\"wp-block-image size-full\"><img fetchpriority=\"high\" decoding=\"async\" width=\"940\" height=\"788\" src=\"https:\/\/prefeitura.santarosa.rs.gov.br\/wp-content\/uploads\/2024\/11\/WhatsApp-Image-2024-11-25-at-14.06.46.jpeg\" alt=\"\" class=\"wp-image-11475\" srcset=\"https:\/\/prefeitura.santarosa.rs.gov.br\/wp-content\/uploads\/2024\/11\/WhatsApp-Image-2024-11-25-at-14.06.46.jpeg 940w, https:\/\/prefeitura.santarosa.rs.gov.br\/wp-content\/uploads\/2024\/11\/WhatsApp-Image-2024-11-25-at-14.06.46-300x251.jpeg 300w, https:\/\/prefeitura.santarosa.rs.gov.br\/wp-content\/uploads\/2024\/11\/WhatsApp-Image-2024-11-25-at-14.06.46-768x644.jpeg 768w\" sizes=\"(max-width: 940px) 100vw, 940px\" \/><\/figure>\n\n\n\n<p>Tema: Emerg\u00eancia Clim\u00e1tica &#8211; O Desafio da Transforma\u00e7\u00e3o Ecol\u00f3gica.<\/p>\n\n\n\n<p>O QUE \u00c9 A CONFER\u00caNCIA MUNICIPAL DO MEIO AMBIENTE?<\/p>\n\n\n\n<p>\u00c9 a primeira etapa da 5\u00aa Confer\u00eancia Nacional do Meio Ambiente. O prop\u00f3sito da 2\u00aa Confer\u00eancia Municipal do Meio Ambiente \u00e9 incentivar a ampla participa\u00e7\u00e3o da popula\u00e7\u00e3o na constru\u00e7\u00e3o de propostas para o enfrentamento da emerg\u00eancia clim\u00e1tica, em seus cinco eixos tem\u00e1ticos; Criar e enviar propostas sobre os eixos tem\u00e1ticos para a Confer\u00eancia Estadual do Meio Ambiente; Eleger entre os participantes a delega\u00e7\u00e3o que representar\u00e1 o Munic\u00edpio na etapa estadual da 5\u00aa Confer\u00eancia Nacional do Meio Ambiente.<\/p>\n\n\n\n<p>A 5\u00aa Confer\u00eancia Nacional do Meio Ambiente \u00e9 um processo participativo que promover\u00e1 um amplo di\u00e1logo sobre a tem\u00e1tica da emerg\u00eancia clim\u00e1tica. Toda a popula\u00e7\u00e3o brasileira, sobretudo aquela que vive em territ\u00f3rios e em condi\u00e7\u00f5es vulner\u00e1veis, poder\u00e1 apontar solu\u00e7\u00f5es para o enfrentamento dos problemas relacionados \u00e0 mudan\u00e7a do clima. Os debates ser\u00e3o conduzidos em torno de cinco eixos tem\u00e1ticos:<\/p>\n\n\n\n<p>I. Mitiga\u00e7\u00e3o (redu\u00e7\u00e3o da emiss\u00e3o de gases de efeito estufa);<\/p>\n\n\n\n<p>II. Adapta\u00e7\u00e3o e prepara\u00e7\u00e3o para desastres (preven\u00e7\u00e3o de riscos e redu\u00e7\u00e3o de perdas e danos);<\/p>\n\n\n\n<p>III. Justi\u00e7a Clim\u00e1tica (supera\u00e7\u00e3o das desigualdades);<\/p>\n\n\n\n<p>IV. Transforma\u00e7\u00e3o Ecol\u00f3gica (descarboniza\u00e7\u00e3o da economia com maior inclus\u00e3o social);<\/p>\n\n\n\n<p>V. Governan\u00e7a e Educa\u00e7\u00e3o Ambiental (participa\u00e7\u00e3o e controle social).<\/p>\n\n\n\n<p>Toda a comunidade est\u00e1 convidada a participar da 2\u00aa Confer\u00eancia Municipal do Meio Ambiente de Santa Rosa.<\/p>\n\n\n\n<p>Participe dessa importante discuss\u00e3o sobre o futuro do nosso planeta e o impacto das mudan\u00e7as clim\u00e1ticas em nossa cidade. Vamos juntos buscar solu\u00e7\u00f5es e fortalecer a consci\u00eancia ambiental em Santa Rosa.<\/p>\n\n\n\n<p>O evento vai acontecer no dia 13 de dezembro, das 9h \u00e0s 11h30min e das 13h30min \u00e0s 17h, no audit\u00f3rio do bloco B (sala 105B) da Uniju\u00ed Campus Santa Rosa.<\/p>\n\n\n\n<p>Realiza\u00e7\u00e3o: Prefeitura de Santa Rosa e Conselho Municipal do Meio Ambiente e Saneamento (CONSEMMA).<\/p>\n\n\n\n<p>As inscri\u00e7\u00f5es s\u00e3o gratuitas e podem ser realizadas no link abaixo:<\/p>\n\n\n\n<p><a href=\"https:\/\/forms.gle\/LK8Y4XxMcKdtnxxb6\">https:\/\/forms.gle\/LK8Y4XxMcKdtnxxb6<\/a><\/p>\n\n\n\n<div data-wp-interactive=\"core\/file\" class=\"wp-block-file\"><object data-wp-bind--hidden=\"!state.hasPdfPreview\" hidden class=\"wp-block-file__embed\" data=\"https:\/\/prefeitura.santarosa.rs.gov.br\/wp-content\/uploads\/2024\/11\/programacao.pdf\" type=\"application\/pdf\" style=\"width:100%;height:600px\" aria-label=\"Incorporado de programa\u00e7\u00e3o.\"><\/object><a id=\"wp-block-file--media-1cf7f5fe-4ee2-410c-a8c2-dc7fb7d71fe8\" href=\"https:\/\/prefeitura.santarosa.rs.gov.br\/wp-content\/uploads\/2024\/11\/programacao.pdf\">programa\u00e7\u00e3o<\/a><a href=\"https:\/\/prefeitura.santarosa.rs.gov.br\/wp-content\/uploads\/2024\/11\/programacao.pdf\" class=\"wp-block-file__button wp-element-button\" download aria-describedby=\"wp-block-file--media-1cf7f5fe-4ee2-410c-a8c2-dc7fb7d71fe8\">Baixar<\/a><\/div>\n\n\n\n<div class=\"wp-block-group is-layout-constrained wp-block-group-is-layout-constrained\">\n<div data-wp-interactive=\"core\/file\" class=\"wp-block-file\"><object data-wp-bind--hidden=\"!state.hasPdfPreview\" hidden class=\"wp-block-file__embed\" data=\"https:\/\/prefeitura.santarosa.rs.gov.br\/wp-content\/uploads\/2024\/11\/DEC.-204-Regulamento-2a-Confer.-Mun.-Meio-Ambiente-PA-91.981-24.pdf\" type=\"application\/pdf\" style=\"width:100%;height:600px\" aria-label=\"Incorporado de DEC. 204 - Regulamento 2\u00aa Confer. Mun. Meio Ambiente -PA 91.981-24.\"><\/object><a id=\"wp-block-file--media-16e4fad9-0ce3-41ce-bf98-69cff0bfdde8\" href=\"https:\/\/prefeitura.santarosa.rs.gov.br\/wp-content\/uploads\/2024\/11\/DEC.-204-Regulamento-2a-Confer.-Mun.-Meio-Ambiente-PA-91.981-24.pdf\">DEC. 204 &#8211; Regulamento 2\u00aa Confer. Mun. Meio Ambiente -PA 91.981-24<\/a><a href=\"https:\/\/prefeitura.santarosa.rs.gov.br\/wp-content\/uploads\/2024\/11\/DEC.-204-Regulamento-2a-Confer.-Mun.-Meio-Ambiente-PA-91.981-24.pdf\" class=\"wp-block-file__button wp-element-button\" download aria-describedby=\"wp-block-file--media-16e4fad9-0ce3-41ce-bf98-69cff0bfdde8\">Baixar<\/a><\/div>\n\n\n\n<div data-wp-interactive=\"core\/file\" class=\"wp-block-file\"><object data-wp-bind--hidden=\"!state.hasPdfPreview\" hidden class=\"wp-block-file__embed\" data=\"https:\/\/prefeitura.santarosa.rs.gov.br\/wp-content\/uploads\/2024\/11\/Decreto-Estadual-No-57.854-de-30-de-outubro-de-2024.pdf\" type=\"application\/pdf\" style=\"width:100%;height:600px\" aria-label=\"Incorporado de Decreto Estadual N\u00ba 57.854, de  30 de outubro de 2024.\"><\/object><a id=\"wp-block-file--media-8499975f-bb18-493b-908f-34510992ffcb\" href=\"https:\/\/prefeitura.santarosa.rs.gov.br\/wp-content\/uploads\/2024\/11\/Decreto-Estadual-No-57.854-de-30-de-outubro-de-2024.pdf\">Decreto Estadual N\u00ba 57.854, de  30 de outubro de 2024<\/a><a href=\"https:\/\/prefeitura.santarosa.rs.gov.br\/wp-content\/uploads\/2024\/11\/Decreto-Estadual-No-57.854-de-30-de-outubro-de-2024.pdf\" class=\"wp-block-file__button wp-element-button\" download aria-describedby=\"wp-block-file--media-8499975f-bb18-493b-908f-34510992ffcb\">Baixar<\/a><\/div>\n<\/div>\n\n\n\n<div data-wp-interactive=\"core\/file\" class=\"wp-block-file\"><object data-wp-bind--hidden=\"!state.hasPdfPreview\" hidden class=\"wp-block-file__embed\" data=\"https:\/\/prefeitura.santarosa.rs.gov.br\/wp-content\/uploads\/2024\/11\/Decreto-Municipal-No-190-de-14-de-novembro-de-2024.pdf\" type=\"application\/pdf\" style=\"width:100%;height:600px\" aria-label=\"Incorporado de Decreto Municipal N\u00ba 190, de 14 de novembro de 2024.\"><\/object><a id=\"wp-block-file--media-920b4d26-b5d4-48e7-bb4a-9ecb33b5cf03\" href=\"https:\/\/prefeitura.santarosa.rs.gov.br\/wp-content\/uploads\/2024\/11\/Decreto-Municipal-No-190-de-14-de-novembro-de-2024.pdf\">Decreto Municipal N\u00ba 190, de 14 de novembro de 2024<\/a><a href=\"https:\/\/prefeitura.santarosa.rs.gov.br\/wp-content\/uploads\/2024\/11\/Decreto-Municipal-No-190-de-14-de-novembro-de-2024.pdf\" class=\"wp-block-file__button wp-element-button\" download aria-describedby=\"wp-block-file--media-920b4d26-b5d4-48e7-bb4a-9ecb33b5cf03\">Baixar<\/a><\/div>\n\n\n\n<div data-wp-interactive=\"core\/file\" class=\"wp-block-file\"><object data-wp-bind--hidden=\"!state.hasPdfPreview\" hidden class=\"wp-block-file__embed\" data=\"https:\/\/prefeitura.santarosa.rs.gov.br\/wp-content\/uploads\/2024\/11\/Decreto-Municipal-No-201-de-3-de-dezembro-de-2024-Alt.-Dec.-190-24.pdf\" type=\"application\/pdf\" style=\"width:100%;height:600px\" aria-label=\"Incorporado de Decreto Municipal N\u00ba 201, de 3 de dezembro de 2024 - Alt. Dec. 190-24.\"><\/object><a id=\"wp-block-file--media-9d732a93-e460-4beb-b2df-af71477e1007\" href=\"https:\/\/prefeitura.santarosa.rs.gov.br\/wp-content\/uploads\/2024\/11\/Decreto-Municipal-No-201-de-3-de-dezembro-de-2024-Alt.-Dec.-190-24.pdf\">Decreto Municipal N\u00ba 201, de 3 de dezembro de 2024 &#8211; Alt. Dec. 190-24<\/a><a href=\"https:\/\/prefeitura.santarosa.rs.gov.br\/wp-content\/uploads\/2024\/11\/Decreto-Municipal-No-201-de-3-de-dezembro-de-2024-Alt.-Dec.-190-24.pdf\" class=\"wp-block-file__button wp-element-button\" download aria-describedby=\"wp-block-file--media-9d732a93-e460-4beb-b2df-af71477e1007\">Baixar<\/a><\/div>\n\n\n\n<div data-wp-interactive=\"core\/file\" class=\"wp-block-file\"><object data-wp-bind--hidden=\"!state.hasPdfPreview\" hidden class=\"wp-block-file__embed\" data=\"https:\/\/prefeitura.santarosa.rs.gov.br\/wp-content\/uploads\/2024\/11\/Documento-base-da-5a-Conferencia-Nacional-do-Meio-Ambiente.pdf\" type=\"application\/pdf\" style=\"width:100%;height:600px\" aria-label=\"Incorporado de Documento-base da 5\u00aa Confer\u00eancia Nacional do Meio Ambiente.\"><\/object><a id=\"wp-block-file--media-f1bb3500-83f6-4e3c-a53c-b69041888440\" href=\"https:\/\/prefeitura.santarosa.rs.gov.br\/wp-content\/uploads\/2024\/11\/Documento-base-da-5a-Conferencia-Nacional-do-Meio-Ambiente.pdf\">Documento-base da 5\u00aa Confer\u00eancia Nacional do Meio Ambiente<\/a><a href=\"https:\/\/prefeitura.santarosa.rs.gov.br\/wp-content\/uploads\/2024\/11\/Documento-base-da-5a-Conferencia-Nacional-do-Meio-Ambiente.pdf\" class=\"wp-block-file__button wp-element-button\" download aria-describedby=\"wp-block-file--media-f1bb3500-83f6-4e3c-a53c-b69041888440\">Baixar<\/a><\/div>\n\n\n\n<div data-wp-interactive=\"core\/file\" class=\"wp-block-file\"><object data-wp-bind--hidden=\"!state.hasPdfPreview\" hidden class=\"wp-block-file__embed\" data=\"https:\/\/prefeitura.santarosa.rs.gov.br\/wp-content\/uploads\/2024\/11\/Portaria-do-Ministerio-do-Meio-Ambiente-No-1.079-de-10-de-junho-de-2024-DOU.pdf\" type=\"application\/pdf\" style=\"width:100%;height:600px\" aria-label=\"Incorporado de Portaria do Minist\u00e9rio do Meio Ambiente N\u00ba 1.079, de 10 de junho de 2024 (DOU).\"><\/object><a id=\"wp-block-file--media-44e2ff7e-fc8b-4b39-aebc-eca94d418565\" href=\"https:\/\/prefeitura.santarosa.rs.gov.br\/wp-content\/uploads\/2024\/11\/Portaria-do-Ministerio-do-Meio-Ambiente-No-1.079-de-10-de-junho-de-2024-DOU.pdf\">Portaria do Minist\u00e9rio do Meio Ambiente N\u00ba 1.079, de 10 de junho de 2024 (DOU)<\/a><a href=\"https:\/\/prefeitura.santarosa.rs.gov.br\/wp-content\/uploads\/2024\/11\/Portaria-do-Ministerio-do-Meio-Ambiente-No-1.079-de-10-de-junho-de-2024-DOU.pdf\" class=\"wp-block-file__button wp-element-button\" download aria-describedby=\"wp-block-file--media-44e2ff7e-fc8b-4b39-aebc-eca94d418565\">Baixar<br><\/a><\/div>\n\n\n\n<div data-wp-interactive=\"core\/file\" class=\"wp-block-file\"><object data-wp-bind--hidden=\"!state.hasPdfPreview\" hidden class=\"wp-block-file__embed\" data=\"https:\/\/prefeitura.santarosa.rs.gov.br\/wp-content\/uploads\/2024\/11\/Propostas-da-2-CMMA-Santa-Rosa.pdf\" type=\"application\/pdf\" style=\"width:100%;height:600px\" aria-label=\"Incorporado de Propostas da 2 CMMA Santa Rosa.\"><\/object><a id=\"wp-block-file--media-05b82dfa-8c0b-4514-ab12-b2a1500c0c84\" href=\"https:\/\/prefeitura.santarosa.rs.gov.br\/wp-content\/uploads\/2024\/11\/Propostas-da-2-CMMA-Santa-Rosa.pdf\">Propostas da 2 CMMA Santa Rosa<\/a><a href=\"https:\/\/prefeitura.santarosa.rs.gov.br\/wp-content\/uploads\/2024\/11\/Propostas-da-2-CMMA-Santa-Rosa.pdf\" class=\"wp-block-file__button wp-element-button\" download aria-describedby=\"wp-block-file--media-05b82dfa-8c0b-4514-ab12-b2a1500c0c84\">Baixar<\/a><\/div>\n\n\n\n<div data-wp-interactive=\"core\/file\" class=\"wp-block-file\"><object data-wp-bind--hidden=\"!state.hasPdfPreview\" hidden class=\"wp-block-file__embed\" data=\"https:\/\/prefeitura.santarosa.rs.gov.br\/wp-content\/uploads\/2024\/11\/Delegados-para-5-CEMA-Santa-Rosa.pdf\" type=\"application\/pdf\" style=\"width:100%;height:600px\" aria-label=\"Incorporado de Delegados para 5 CEMA - Santa Rosa.\"><\/object><a id=\"wp-block-file--media-831728f5-efcf-42a4-a1a2-a3649d5f9639\" href=\"https:\/\/prefeitura.santarosa.rs.gov.br\/wp-content\/uploads\/2024\/11\/Delegados-para-5-CEMA-Santa-Rosa.pdf\">Delegados para 5 CEMA &#8211; Santa Rosa<\/a><a href=\"https:\/\/prefeitura.santarosa.rs.gov.br\/wp-content\/uploads\/2024\/11\/Delegados-para-5-CEMA-Santa-Rosa.pdf\" class=\"wp-block-file__button wp-element-button\" download aria-describedby=\"wp-block-file--media-831728f5-efcf-42a4-a1a2-a3649d5f9639\">Baixar<\/a><\/div>\n\n\n\n<p><\/p>\n","protected":false},"excerpt":{"rendered":"<p>Tema: Emerg\u00eancia Clim\u00e1tica &#8211; O Desafio da Transforma\u00e7\u00e3o Ecol\u00f3gica. O QUE \u00c9 A CONFER\u00caNCIA MUNICIPAL DO MEIO AMBIENTE? \u00c9 a<\/p>\n","protected":false},"author":6,"featured_media":11477,"comment_status":"closed","ping_status":"closed","sticky":false,"template":"","format":"standard","meta":{"footnotes":""},"categories":[4,20],"tags":[],"class_list":["post-11474","post","type-post","status-publish","format-standard","has-post-thumbnail","hentry","category-noticias","category-secretaria-municipal-de-meio-ambiente"],"aioseo_notices":[],"_links":{"self":[{"href":"https:\/\/prefeitura.santarosa.rs.gov.br\/index.php?rest_route=\/wp\/v2\/posts\/11474","targetHints":{"allow":["GET"]}}],"collection":[{"href":"https:\/\/prefeitura.santarosa.rs.gov.br\/index.php?rest_route=\/wp\/v2\/posts"}],"about":[{"href":"https:\/\/prefeitura.santarosa.rs.gov.br\/index.php?rest_route=\/wp\/v2\/types\/post"}],"author":[{"embeddable":true,"href":"https:\/\/prefeitura.santarosa.rs.gov.br\/index.php?rest_route=\/wp\/v2\/users\/6"}],"replies":[{"embeddable":true,"href":"https:\/\/prefeitura.santarosa.rs.gov.br\/index.php?rest_route=%2Fwp%2Fv2%2Fcomments&post=11474"}],"version-history":[{"count":3,"href":"https:\/\/prefeitura.santarosa.rs.gov.br\/index.php?rest_route=\/wp\/v2\/posts\/11474\/revisions"}],"predecessor-version":[{"id":12170,"href":"https:\/\/prefeitura.santarosa.rs.gov.br\/index.php?rest_route=\/wp\/v2\/posts\/11474\/revisions\/12170"}],"wp:featuredmedia":[{"embeddable":true,"href":"https:\/\/prefeitura.santarosa.rs.gov.br\/index.php?rest_route=\/wp\/v2\/media\/11477"}],"wp:attachment":[{"href":"https:\/\/prefeitura.santarosa.rs.gov.br\/index.php?rest_route=%2Fwp%2Fv2%2Fmedia&parent=11474"}],"wp:term":[{"taxonomy":"category","embeddable":true,"href":"https:\/\/prefeitura.santarosa.rs.gov.br\/index.php?rest_route=%2Fwp%2Fv2%2Fcategories&post=11474"},{"taxonomy":"post_tag","embeddable":true,"href":"https:\/\/prefeitura.santarosa.rs.gov.br\/index.php?rest_route=%2Fwp%2Fv2%2Ftags&post=11474"}],"curies":[{"name":"wp","href":"https:\/\/api.w.org\/{rel}","templated":true}]}}