{"id":11465,"date":"2024-11-25T15:01:23","date_gmt":"2024-11-25T18:01:23","guid":{"rendered":"https:\/\/prefeitura.santarosa.rs.gov.br\/?p=11465"},"modified":"2024-11-25T15:01:24","modified_gmt":"2024-11-25T18:01:24","slug":"missao-asia-aldemir-realiza-agendas-estrategicas-na-china-com-foco-em-parcerias-comerciais-e-investimentos","status":"publish","type":"post","link":"https:\/\/prefeitura.santarosa.rs.gov.br\/?p=11465","title":{"rendered":"Miss\u00e3o \u00c1sia: Aldemir realiza agendas estrat\u00e9gicas na China com foco em parcerias comerciais e investimentos"},"content":{"rendered":"\n<figure class=\"wp-block-image size-full\"><img fetchpriority=\"high\" decoding=\"async\" width=\"860\" height=\"645\" src=\"https:\/\/prefeitura.santarosa.rs.gov.br\/wp-content\/uploads\/2024\/11\/Formato-Site-e-Portal-860X645-JPG-14.jpg\" alt=\"\" class=\"wp-image-11466\" srcset=\"https:\/\/prefeitura.santarosa.rs.gov.br\/wp-content\/uploads\/2024\/11\/Formato-Site-e-Portal-860X645-JPG-14.jpg 860w, https:\/\/prefeitura.santarosa.rs.gov.br\/wp-content\/uploads\/2024\/11\/Formato-Site-e-Portal-860X645-JPG-14-300x225.jpg 300w, https:\/\/prefeitura.santarosa.rs.gov.br\/wp-content\/uploads\/2024\/11\/Formato-Site-e-Portal-860X645-JPG-14-768x576.jpg 768w\" sizes=\"(max-width: 860px) 100vw, 860px\" \/><\/figure>\n\n\n\n<p>O vice-prefeito de Santa Rosa, Aldemir Ulrich, segue cumprindo uma agenda intensa de compromissos na \u00c1sia, agora na China, ap\u00f3s uma etapa produtiva no Jap\u00e3o. Integrando a miss\u00e3o organizada pelo Governo do Rio Grande do Sul, o foco tem sido fortalecer la\u00e7os comerciais e explorar novas oportunidades de coopera\u00e7\u00e3o ente o continente asi\u00e1tico e o munic\u00edpio.<\/p>\n\n\n\n<p>Ao chegar na China, a comitiva participou de uma s\u00e9rie de compromissos estrat\u00e9gicos que inclu\u00edram visitas a empresas e institui\u00e7\u00f5es. Em Shenzhen, Ulrich conheceu as instala\u00e7\u00f5es da Huawei, al\u00e9m de realizar uma visita ao Porto de Shenzhen. Outro destaque foi a reuni\u00e3o com a BYD, uma das maiores fabricantes de ve\u00edculos el\u00e9tricos e baterias do mundo. A empresa possui um quadro de patentes com 30 mil reconhecidas e 10 mil em an\u00e1lise, com foco em tecnologias inovadoras, incluindo testes de baterias.<\/p>\n\n\n\n<p>Em Hebei, o vice-prefeito participou de uma confer\u00eancia com o governo local e empresas, onde discutiu estreitamento de rela\u00e7\u00f5es comerciais e prospectou novos neg\u00f3cios nas \u00e1reas de gera\u00e7\u00e3o de energia solar e e\u00f3lica, m\u00e1quinas e equipamentos agr\u00edcolas, al\u00e9m de expandir as oportunidades para a exporta\u00e7\u00e3o de carne su\u00edna. Durante a visita, o Governador Eduardo Leite fez uma apresenta\u00e7\u00e3o sobre o estado do Rio Grande do Sul. Santa Rosa teve uma mesa dedicada no sal\u00e3o de neg\u00f3cios, criando uma importante plataforma para novos contatos e negocia\u00e7\u00f5es.<\/p>\n\n\n\n<p>Em Pequim, o vice-prefeito participou de uma importante reuni\u00e3o com a CITIC Constru\u00e7\u00f5es, que atua em mais de 50 segmentos, incluindo a constru\u00e7\u00e3o de casas, rodovias, aeroportos e portos. Aldemir destacou a import\u00e2ncia dessas agendas para o fortalecimento das rela\u00e7\u00f5es internacionais e o aumento das oportunidades de investimentos para Santa Rosa, \u201cEsses encontros t\u00eam sido fundamentais para estreitar os la\u00e7os com empresas e governos que reconhecem o potencial da nossa regi\u00e3o. Estamos criando uma base s\u00f3lida para futuros investimentos, especialmente nas \u00e1reas de energias renov\u00e1veis e no setor agroindustrial&#8221;.<\/p>\n\n\n\n<p>A comitiva do Governo do Rio Grande do Sul continua sua miss\u00e3o na \u00c1sia com compromissos estrat\u00e9gicos na China. O retorno ao Brasil est\u00e1 previsto para o dia 28\/11 (quinta-feira).<\/p>\n\n\n\n<p><\/p>\n","protected":false},"excerpt":{"rendered":"<p>O vice-prefeito de Santa Rosa, Aldemir Ulrich, segue cumprindo uma agenda intensa de compromissos na \u00c1sia, agora na China, ap\u00f3s<\/p>\n","protected":false},"author":6,"featured_media":11467,"comment_status":"closed","ping_status":"closed","sticky":false,"template":"","format":"standard","meta":{"footnotes":""},"categories":[4,9],"tags":[],"class_list":["post-11465","post","type-post","status-publish","format-standard","has-post-thumbnail","hentry","category-noticias","category-gabinete-do-vice-prefeito"],"aioseo_notices":[],"_links":{"self":[{"href":"https:\/\/prefeitura.santarosa.rs.gov.br\/index.php?rest_route=\/wp\/v2\/posts\/11465","targetHints":{"allow":["GET"]}}],"collection":[{"href":"https:\/\/prefeitura.santarosa.rs.gov.br\/index.php?rest_route=\/wp\/v2\/posts"}],"about":[{"href":"https:\/\/prefeitura.santarosa.rs.gov.br\/index.php?rest_route=\/wp\/v2\/types\/post"}],"author":[{"embeddable":true,"href":"https:\/\/prefeitura.santarosa.rs.gov.br\/index.php?rest_route=\/wp\/v2\/users\/6"}],"replies":[{"embeddable":true,"href":"https:\/\/prefeitura.santarosa.rs.gov.br\/index.php?rest_route=%2Fwp%2Fv2%2Fcomments&post=11465"}],"version-history":[{"count":1,"href":"https:\/\/prefeitura.santarosa.rs.gov.br\/index.php?rest_route=\/wp\/v2\/posts\/11465\/revisions"}],"predecessor-version":[{"id":11468,"href":"https:\/\/prefeitura.santarosa.rs.gov.br\/index.php?rest_route=\/wp\/v2\/posts\/11465\/revisions\/11468"}],"wp:featuredmedia":[{"embeddable":true,"href":"https:\/\/prefeitura.santarosa.rs.gov.br\/index.php?rest_route=\/wp\/v2\/media\/11467"}],"wp:attachment":[{"href":"https:\/\/prefeitura.santarosa.rs.gov.br\/index.php?rest_route=%2Fwp%2Fv2%2Fmedia&parent=11465"}],"wp:term":[{"taxonomy":"category","embeddable":true,"href":"https:\/\/prefeitura.santarosa.rs.gov.br\/index.php?rest_route=%2Fwp%2Fv2%2Fcategories&post=11465"},{"taxonomy":"post_tag","embeddable":true,"href":"https:\/\/prefeitura.santarosa.rs.gov.br\/index.php?rest_route=%2Fwp%2Fv2%2Ftags&post=11465"}],"curies":[{"name":"wp","href":"https:\/\/api.w.org\/{rel}","templated":true}]}}