{"id":11459,"date":"2024-11-25T11:16:42","date_gmt":"2024-11-25T14:16:42","guid":{"rendered":"https:\/\/prefeitura.santarosa.rs.gov.br\/?p=11459"},"modified":"2024-11-25T14:13:39","modified_gmt":"2024-11-25T17:13:39","slug":"inscricoes-prorrogadas","status":"publish","type":"post","link":"https:\/\/prefeitura.santarosa.rs.gov.br\/?p=11459","title":{"rendered":"Inscri\u00e7\u00f5es Prorrogadas"},"content":{"rendered":"\n<figure class=\"wp-block-image size-large\"><img fetchpriority=\"high\" decoding=\"async\" width=\"1024\" height=\"1024\" src=\"https:\/\/prefeitura.santarosa.rs.gov.br\/wp-content\/uploads\/2024\/11\/WhatsApp-Image-2024-11-25-at-11.37.32-1024x1024.jpeg\" alt=\"\" class=\"wp-image-11461\" srcset=\"https:\/\/prefeitura.santarosa.rs.gov.br\/wp-content\/uploads\/2024\/11\/WhatsApp-Image-2024-11-25-at-11.37.32-1024x1024.jpeg 1024w, https:\/\/prefeitura.santarosa.rs.gov.br\/wp-content\/uploads\/2024\/11\/WhatsApp-Image-2024-11-25-at-11.37.32-300x300.jpeg 300w, https:\/\/prefeitura.santarosa.rs.gov.br\/wp-content\/uploads\/2024\/11\/WhatsApp-Image-2024-11-25-at-11.37.32-150x150.jpeg 150w, https:\/\/prefeitura.santarosa.rs.gov.br\/wp-content\/uploads\/2024\/11\/WhatsApp-Image-2024-11-25-at-11.37.32-768x768.jpeg 768w, https:\/\/prefeitura.santarosa.rs.gov.br\/wp-content\/uploads\/2024\/11\/WhatsApp-Image-2024-11-25-at-11.37.32-80x80.jpeg 80w, https:\/\/prefeitura.santarosa.rs.gov.br\/wp-content\/uploads\/2024\/11\/WhatsApp-Image-2024-11-25-at-11.37.32.jpeg 1080w\" sizes=\"(max-width: 1024px) 100vw, 1024px\" \/><\/figure>\n\n\n\n<p>O Munic\u00edpio de Santa Rosa, por meio da Secretaria Municipal de Educa\u00e7\u00e3o e Cultura, informa a PRORROGA\u00c7\u00c3O DAS INSCRI\u00c7\u00d5ES da Lei Aldir Blanc at\u00e9 o dia 27 de dezembro de 2024 para o Edital de Fomento Cultural; Edital de Subs\u00eddios \u00e0 Espa\u00e7os, Ambientes e Iniciativas Art\u00edstico-culturais, e, para o Edital de Fomento \u00e0 Pontos de Cultura.<\/p>\n\n\n\n<p>Os editais est\u00e3o dispon\u00edveis no endere\u00e7o eletr\u00f4nico:<\/p>\n\n\n\n<p><a href=\"https:\/\/santarosa.atende.net\/cidadao\/pagina\/lei-aldir-blanc\">https:\/\/santarosa.atende.net\/cidadao\/pagina\/lei-aldir-blanc<\/a><\/p>\n\n\n\n<p>A prorroga\u00e7\u00e3o \u00e9 devido ao Decreto Federal n\u00famero 12.257, de 22 de novembro de 2024, o qual prorroga o prazo de execu\u00e7\u00e3o dos recursos.<\/p>\n","protected":false},"excerpt":{"rendered":"<p>O Munic\u00edpio de Santa Rosa, por meio da Secretaria Municipal de Educa\u00e7\u00e3o e Cultura, informa a PRORROGA\u00c7\u00c3O DAS INSCRI\u00c7\u00d5ES da<\/p>\n","protected":false},"author":6,"featured_media":11461,"comment_status":"closed","ping_status":"closed","sticky":false,"template":"","format":"standard","meta":{"footnotes":""},"categories":[4,18],"tags":[],"class_list":["post-11459","post","type-post","status-publish","format-standard","has-post-thumbnail","hentry","category-noticias","category-secretaria-municipal-de-educacao-e-cultura"],"aioseo_notices":[],"_links":{"self":[{"href":"https:\/\/prefeitura.santarosa.rs.gov.br\/index.php?rest_route=\/wp\/v2\/posts\/11459","targetHints":{"allow":["GET"]}}],"collection":[{"href":"https:\/\/prefeitura.santarosa.rs.gov.br\/index.php?rest_route=\/wp\/v2\/posts"}],"about":[{"href":"https:\/\/prefeitura.santarosa.rs.gov.br\/index.php?rest_route=\/wp\/v2\/types\/post"}],"author":[{"embeddable":true,"href":"https:\/\/prefeitura.santarosa.rs.gov.br\/index.php?rest_route=\/wp\/v2\/users\/6"}],"replies":[{"embeddable":true,"href":"https:\/\/prefeitura.santarosa.rs.gov.br\/index.php?rest_route=%2Fwp%2Fv2%2Fcomments&post=11459"}],"version-history":[{"count":2,"href":"https:\/\/prefeitura.santarosa.rs.gov.br\/index.php?rest_route=\/wp\/v2\/posts\/11459\/revisions"}],"predecessor-version":[{"id":11462,"href":"https:\/\/prefeitura.santarosa.rs.gov.br\/index.php?rest_route=\/wp\/v2\/posts\/11459\/revisions\/11462"}],"wp:featuredmedia":[{"embeddable":true,"href":"https:\/\/prefeitura.santarosa.rs.gov.br\/index.php?rest_route=\/wp\/v2\/media\/11461"}],"wp:attachment":[{"href":"https:\/\/prefeitura.santarosa.rs.gov.br\/index.php?rest_route=%2Fwp%2Fv2%2Fmedia&parent=11459"}],"wp:term":[{"taxonomy":"category","embeddable":true,"href":"https:\/\/prefeitura.santarosa.rs.gov.br\/index.php?rest_route=%2Fwp%2Fv2%2Fcategories&post=11459"},{"taxonomy":"post_tag","embeddable":true,"href":"https:\/\/prefeitura.santarosa.rs.gov.br\/index.php?rest_route=%2Fwp%2Fv2%2Ftags&post=11459"}],"curies":[{"name":"wp","href":"https:\/\/api.w.org\/{rel}","templated":true}]}}