{"id":11448,"date":"2024-11-25T10:57:27","date_gmt":"2024-11-25T13:57:27","guid":{"rendered":"https:\/\/prefeitura.santarosa.rs.gov.br\/?p=11448"},"modified":"2024-11-25T10:57:29","modified_gmt":"2024-11-25T13:57:29","slug":"desafio-10-km-santa-rosa-reune-mais-de-200-atletas","status":"publish","type":"post","link":"https:\/\/prefeitura.santarosa.rs.gov.br\/?p=11448","title":{"rendered":"<strong>Desafio 10 km Santa Rosa re\u00fane mais de 200 atletas<\/strong>"},"content":{"rendered":"\n<figure class=\"wp-block-image size-full\"><img fetchpriority=\"high\" decoding=\"async\" width=\"860\" height=\"645\" src=\"https:\/\/prefeitura.santarosa.rs.gov.br\/wp-content\/uploads\/2024\/11\/Formato-Site-e-Portal-860X645-JPG-2024-11-25T105511.124.jpg\" alt=\"\" class=\"wp-image-11449\" srcset=\"https:\/\/prefeitura.santarosa.rs.gov.br\/wp-content\/uploads\/2024\/11\/Formato-Site-e-Portal-860X645-JPG-2024-11-25T105511.124.jpg 860w, https:\/\/prefeitura.santarosa.rs.gov.br\/wp-content\/uploads\/2024\/11\/Formato-Site-e-Portal-860X645-JPG-2024-11-25T105511.124-300x225.jpg 300w, https:\/\/prefeitura.santarosa.rs.gov.br\/wp-content\/uploads\/2024\/11\/Formato-Site-e-Portal-860X645-JPG-2024-11-25T105511.124-768x576.jpg 768w\" sizes=\"(max-width: 860px) 100vw, 860px\" \/><\/figure>\n\n\n\n<p>Neste domingo (24), foi realizado no munic\u00edpio o Desafio 10 km Santa Rosa. O evento foi marcado por uma manh\u00e3 ensolarada, de muita anima\u00e7\u00e3o e contou com a participa\u00e7\u00e3o de mais de 200 atletas. A a\u00e7\u00e3o promovida pela Prefeitura de Santa Rosa, por meio da Secretaria de Esporte, contou tamb\u00e9m com o apoio de institui\u00e7\u00f5es como a Brigada Militar, FUMSSAR, Raptors, 15 Milhas e Maratona Clube. As competi\u00e7\u00f5es foram realizadas nas dist\u00e2ncias de 2 km e 10 km, nas categorias solo e duplas, com largada e chegada no Centro Cultural de Santa Rosa.<\/p>\n\n\n\n<p>A prova teve um percurso totalmente balizado e com pontos de distribui\u00e7\u00e3o de \u00e1gua para os corredores. Todos os participantes receberam medalhas de participa\u00e7\u00e3o, e os 5 primeiros colocados de cada categoria levaram trof\u00e9us de destaque, pelo desempenho na competi\u00e7\u00e3o. O Secret\u00e1rio de Esporte, Fernando Braz, comentou sobre o sucesso do evento, \u201c\u00c9 gratificante ver o engajamento dos atletas e o apoio da comunidade. A realiza\u00e7\u00e3o de eventos como o Desafio 10 km \u00e9 fundamental para promover o esporte em Santa Rosa e incentivar novos atletas. Estamos muito felizes com o resultado e j\u00e1 estamos na expectativa para a pr\u00f3xima edi\u00e7\u00e3o\u201d. Fernando aproveitou a oportunidade para anunciar a data da 2\u00aa edi\u00e7\u00e3o do Desafio 10 km Santa Rosa que vai acontecer no dia 10 de agosto de 2025.<\/p>\n\n\n\n<p>O evento teve como respons\u00e1vel pela arbitragem, a MG Assessoria e Organiza\u00e7\u00e3o de Corridas de Rua. Confira abaixo os campe\u00f5es gerais do Desafio 10 km Santa Rosa:<\/p>\n\n\n\n<p><strong>Resultados:<\/strong><\/p>\n\n\n\n<ul class=\"wp-block-list\"><li><strong>Campe\u00e3o Geral Masculino 10 km:<\/strong> Jo\u00e3o Ely, com o tempo de 36m42s.<\/li><li><strong>Campe\u00e3 Geral Feminino 10 km:<\/strong> Natiele Ribeiro, com o tempo de 47m34s.<\/li><li><strong>Campe\u00e3o Geral Masculino 2 km:<\/strong> Bruno Gerlach, com o tempo de 5m29s.<\/li><li><strong>Campe\u00e3 Geral Feminino 2 km:<\/strong> Emanueli Maiara Hein, com o tempo de 5m38s.<\/li><\/ul>\n\n\n\n<p><br>A classifica\u00e7\u00e3o geral de todos os atletas participantes pode ser conferida no link: <a href=\"https:\/\/ucrsm.com.br\/24112024resultadodesantarosa.htm\">https:\/\/ucrsm.com.br\/24112024resultadodesantarosa.htm<\/a><\/p>\n\n\n\n<p><br>Fotos: Clic do Atleta<\/p>\n\n\n\n<div class=\"wp-block-columns is-layout-flex wp-container-core-columns-is-layout-28f84493 wp-block-columns-is-layout-flex\">\n<div class=\"wp-block-column is-layout-flow wp-block-column-is-layout-flow\" style=\"flex-basis:100%\">\n<div class=\"wp-block-columns is-layout-flex wp-container-core-columns-is-layout-28f84493 wp-block-columns-is-layout-flex\">\n<div class=\"wp-block-column is-layout-flow wp-block-column-is-layout-flow\" style=\"flex-basis:100%\">\n<div class=\"wp-block-group is-layout-flow wp-block-group-is-layout-flow\">\n<div class=\"wp-block-columns is-layout-flex wp-container-core-columns-is-layout-28f84493 wp-block-columns-is-layout-flex\">\n<div class=\"wp-block-column is-layout-flow wp-block-column-is-layout-flow\" style=\"flex-basis:100%\">\n<figure class=\"wp-block-gallery aligncenter columns-3 is-cropped wp-block-gallery-1 is-layout-flex wp-block-gallery-is-layout-flex\"><ul class=\"blocks-gallery-grid\"><li class=\"blocks-gallery-item\"><figure><img decoding=\"async\" width=\"1024\" height=\"768\" src=\"https:\/\/prefeitura.santarosa.rs.gov.br\/wp-content\/uploads\/2024\/11\/podio-geral-fem-10-km-1024x768.jpeg\" alt=\"\" data-id=\"11451\" data-link=\"https:\/\/prefeitura.santarosa.rs.gov.br\/?attachment_id=11451\" class=\"wp-image-11451\" srcset=\"https:\/\/prefeitura.santarosa.rs.gov.br\/wp-content\/uploads\/2024\/11\/podio-geral-fem-10-km-1024x768.jpeg 1024w, https:\/\/prefeitura.santarosa.rs.gov.br\/wp-content\/uploads\/2024\/11\/podio-geral-fem-10-km-300x225.jpeg 300w, https:\/\/prefeitura.santarosa.rs.gov.br\/wp-content\/uploads\/2024\/11\/podio-geral-fem-10-km-768x576.jpeg 768w, https:\/\/prefeitura.santarosa.rs.gov.br\/wp-content\/uploads\/2024\/11\/podio-geral-fem-10-km-1536x1152.jpeg 1536w, https:\/\/prefeitura.santarosa.rs.gov.br\/wp-content\/uploads\/2024\/11\/podio-geral-fem-10-km-2048x1536.jpeg 2048w\" sizes=\"(max-width: 1024px) 100vw, 1024px\" \/><\/figure><\/li><li class=\"blocks-gallery-item\"><figure><img decoding=\"async\" width=\"1024\" height=\"768\" src=\"https:\/\/prefeitura.santarosa.rs.gov.br\/wp-content\/uploads\/2024\/11\/podio-geral-masc-2-km-2-1024x768.jpeg\" alt=\"\" data-id=\"11456\" data-full-url=\"https:\/\/prefeitura.santarosa.rs.gov.br\/wp-content\/uploads\/2024\/11\/podio-geral-masc-2-km-2-scaled.jpeg\" data-link=\"https:\/\/prefeitura.santarosa.rs.gov.br\/?attachment_id=11456\" class=\"wp-image-11456\" srcset=\"https:\/\/prefeitura.santarosa.rs.gov.br\/wp-content\/uploads\/2024\/11\/podio-geral-masc-2-km-2-1024x768.jpeg 1024w, https:\/\/prefeitura.santarosa.rs.gov.br\/wp-content\/uploads\/2024\/11\/podio-geral-masc-2-km-2-300x225.jpeg 300w, https:\/\/prefeitura.santarosa.rs.gov.br\/wp-content\/uploads\/2024\/11\/podio-geral-masc-2-km-2-768x576.jpeg 768w, https:\/\/prefeitura.santarosa.rs.gov.br\/wp-content\/uploads\/2024\/11\/podio-geral-masc-2-km-2-1536x1152.jpeg 1536w, https:\/\/prefeitura.santarosa.rs.gov.br\/wp-content\/uploads\/2024\/11\/podio-geral-masc-2-km-2-2048x1536.jpeg 2048w\" sizes=\"(max-width: 1024px) 100vw, 1024px\" \/><\/figure><\/li><li class=\"blocks-gallery-item\"><figure><img loading=\"lazy\" decoding=\"async\" width=\"1024\" height=\"768\" src=\"https:\/\/prefeitura.santarosa.rs.gov.br\/wp-content\/uploads\/2024\/11\/podio-geral-fem-2km-1024x768.jpeg\" alt=\"\" data-id=\"11453\" data-link=\"https:\/\/prefeitura.santarosa.rs.gov.br\/?attachment_id=11453\" class=\"wp-image-11453\" srcset=\"https:\/\/prefeitura.santarosa.rs.gov.br\/wp-content\/uploads\/2024\/11\/podio-geral-fem-2km-1024x768.jpeg 1024w, https:\/\/prefeitura.santarosa.rs.gov.br\/wp-content\/uploads\/2024\/11\/podio-geral-fem-2km-300x225.jpeg 300w, https:\/\/prefeitura.santarosa.rs.gov.br\/wp-content\/uploads\/2024\/11\/podio-geral-fem-2km-768x576.jpeg 768w, https:\/\/prefeitura.santarosa.rs.gov.br\/wp-content\/uploads\/2024\/11\/podio-geral-fem-2km-1536x1152.jpeg 1536w, https:\/\/prefeitura.santarosa.rs.gov.br\/wp-content\/uploads\/2024\/11\/podio-geral-fem-2km-2048x1536.jpeg 2048w\" sizes=\"(max-width: 1024px) 100vw, 1024px\" \/><\/figure><\/li><li class=\"blocks-gallery-item\"><figure><img loading=\"lazy\" decoding=\"async\" width=\"1024\" height=\"768\" src=\"https:\/\/prefeitura.santarosa.rs.gov.br\/wp-content\/uploads\/2024\/11\/podio-geral-masc-10-km-1024x768.jpeg\" alt=\"\" data-id=\"11452\" data-link=\"https:\/\/prefeitura.santarosa.rs.gov.br\/?attachment_id=11452\" class=\"wp-image-11452\" srcset=\"https:\/\/prefeitura.santarosa.rs.gov.br\/wp-content\/uploads\/2024\/11\/podio-geral-masc-10-km-1024x768.jpeg 1024w, https:\/\/prefeitura.santarosa.rs.gov.br\/wp-content\/uploads\/2024\/11\/podio-geral-masc-10-km-300x225.jpeg 300w, https:\/\/prefeitura.santarosa.rs.gov.br\/wp-content\/uploads\/2024\/11\/podio-geral-masc-10-km-768x576.jpeg 768w, https:\/\/prefeitura.santarosa.rs.gov.br\/wp-content\/uploads\/2024\/11\/podio-geral-masc-10-km-1536x1152.jpeg 1536w, https:\/\/prefeitura.santarosa.rs.gov.br\/wp-content\/uploads\/2024\/11\/podio-geral-masc-10-km-2048x1536.jpeg 2048w\" sizes=\"(max-width: 1024px) 100vw, 1024px\" \/><\/figure><\/li><\/ul><\/figure>\n<\/div>\n<\/div>\n<\/div>\n<\/div>\n<\/div>\n<\/div>\n<\/div>\n","protected":false},"excerpt":{"rendered":"<p>Neste domingo (24), foi realizado no munic\u00edpio o Desafio 10 km Santa Rosa. O evento foi marcado por uma manh\u00e3<\/p>\n","protected":false},"author":6,"featured_media":11450,"comment_status":"closed","ping_status":"closed","sticky":false,"template":"","format":"standard","meta":{"footnotes":""},"categories":[4,19],"tags":[],"class_list":["post-11448","post","type-post","status-publish","format-standard","has-post-thumbnail","hentry","category-noticias","category-secretaria-municipal-de-esporte"],"aioseo_notices":[],"_links":{"self":[{"href":"https:\/\/prefeitura.santarosa.rs.gov.br\/index.php?rest_route=\/wp\/v2\/posts\/11448","targetHints":{"allow":["GET"]}}],"collection":[{"href":"https:\/\/prefeitura.santarosa.rs.gov.br\/index.php?rest_route=\/wp\/v2\/posts"}],"about":[{"href":"https:\/\/prefeitura.santarosa.rs.gov.br\/index.php?rest_route=\/wp\/v2\/types\/post"}],"author":[{"embeddable":true,"href":"https:\/\/prefeitura.santarosa.rs.gov.br\/index.php?rest_route=\/wp\/v2\/users\/6"}],"replies":[{"embeddable":true,"href":"https:\/\/prefeitura.santarosa.rs.gov.br\/index.php?rest_route=%2Fwp%2Fv2%2Fcomments&post=11448"}],"version-history":[{"count":1,"href":"https:\/\/prefeitura.santarosa.rs.gov.br\/index.php?rest_route=\/wp\/v2\/posts\/11448\/revisions"}],"predecessor-version":[{"id":11457,"href":"https:\/\/prefeitura.santarosa.rs.gov.br\/index.php?rest_route=\/wp\/v2\/posts\/11448\/revisions\/11457"}],"wp:featuredmedia":[{"embeddable":true,"href":"https:\/\/prefeitura.santarosa.rs.gov.br\/index.php?rest_route=\/wp\/v2\/media\/11450"}],"wp:attachment":[{"href":"https:\/\/prefeitura.santarosa.rs.gov.br\/index.php?rest_route=%2Fwp%2Fv2%2Fmedia&parent=11448"}],"wp:term":[{"taxonomy":"category","embeddable":true,"href":"https:\/\/prefeitura.santarosa.rs.gov.br\/index.php?rest_route=%2Fwp%2Fv2%2Fcategories&post=11448"},{"taxonomy":"post_tag","embeddable":true,"href":"https:\/\/prefeitura.santarosa.rs.gov.br\/index.php?rest_route=%2Fwp%2Fv2%2Ftags&post=11448"}],"curies":[{"name":"wp","href":"https:\/\/api.w.org\/{rel}","templated":true}]}}