{"id":11444,"date":"2024-11-22T16:51:36","date_gmt":"2024-11-22T19:51:36","guid":{"rendered":"https:\/\/prefeitura.santarosa.rs.gov.br\/?p=11444"},"modified":"2024-11-22T16:51:38","modified_gmt":"2024-11-22T19:51:38","slug":"cerca-de-mil-jovens-participam-da-3a-edicao-do-encontro-municipal-da-juventude-de-santa-rosa","status":"publish","type":"post","link":"https:\/\/prefeitura.santarosa.rs.gov.br\/?p=11444","title":{"rendered":"<strong>Cerca de mil jovens participam da 3\u00aa edi\u00e7\u00e3o do Encontro Municipal da Juventude de Santa Rosa<\/strong>"},"content":{"rendered":"\n<figure class=\"wp-block-image size-full\"><img fetchpriority=\"high\" decoding=\"async\" width=\"860\" height=\"645\" src=\"https:\/\/prefeitura.santarosa.rs.gov.br\/wp-content\/uploads\/2024\/11\/Formato-Site-e-Portal-860X645-JPG-5-1.jpg\" alt=\"\" class=\"wp-image-11445\" srcset=\"https:\/\/prefeitura.santarosa.rs.gov.br\/wp-content\/uploads\/2024\/11\/Formato-Site-e-Portal-860X645-JPG-5-1.jpg 860w, https:\/\/prefeitura.santarosa.rs.gov.br\/wp-content\/uploads\/2024\/11\/Formato-Site-e-Portal-860X645-JPG-5-1-300x225.jpg 300w, https:\/\/prefeitura.santarosa.rs.gov.br\/wp-content\/uploads\/2024\/11\/Formato-Site-e-Portal-860X645-JPG-5-1-768x576.jpg 768w\" sizes=\"(max-width: 860px) 100vw, 860px\" \/><\/figure>\n\n\n\n<p>A sexta-feira (22), foi marcada por um evento muito significativo para os jovens de Santa Rosa. Cerca de mil alunos participaram da 3\u00aa edi\u00e7\u00e3o do Encontro Municipal da Juventude no Centro C\u00edvico Cultural Ant\u00f4nio Carlos Borges. A atividade foi promovida pelo Conselho Municipal da Juventude (COMJUVE), em parceria com a Prefeitura de Santa Rosa, por meio da Secretaria de Educa\u00e7\u00e3o e Cultura.<\/p>\n\n\n\n<p>O tema deste ano &#8220;O que \u00e9 I.A.? (Intelig\u00eancia Artificial)&#8221;, trouxe um debate atual de grande import\u00e2ncia para a juventude. Durante o encontro, os jovens puderam participar de diversas atividades e reflex\u00f5es sobre o impacto da tecnologia e da intelig\u00eancia artificial no nosso cotidiano. A Secret\u00e1ria de Educa\u00e7\u00e3o e Cultura, Josyane Heck, destacou a relev\u00e2ncia do evento, \u201c\u00c9 fundamental que os jovens se envolvam com temas que v\u00e3o moldar o futuro. Este encontro n\u00e3o s\u00f3 proporciona um espa\u00e7o de aprendizado, mas tamb\u00e9m prepara os jovens para um uso consciente e saud\u00e1vel das novas tecnologias\u201d.<\/p>\n\n\n\n<p>O evento contou com a presen\u00e7a do palestrante Henrique Weiler, professor licenciado em Hist\u00f3ria pela UNIJU\u00cd, atualmente mestrando em Ensino de Hist\u00f3ria pela Universidade Federal de Santa Maria (UFSM), que tem como foco de pesquisa a integra\u00e7\u00e3o de modelos de linguagem no ensino de Hist\u00f3ria. Weiler tamb\u00e9m participa do projeto Humanidades Digitais na UFSM, atuando na converg\u00eancia entre tecnologia e educa\u00e7\u00e3o. Durante sua palestra, Henrique abordou como a intelig\u00eancia artificial est\u00e1 transformando o cen\u00e1rio educacional, trazendo \u00e0 tona discuss\u00f5es sobre os cuidados necess\u00e1rios para o uso respons\u00e1vel dessa tecnologia, &#8220;Precisamos promover uma integra\u00e7\u00e3o saud\u00e1vel da tecnologia, com muita conscientiza\u00e7\u00e3o sobre o uso da intelig\u00eancia artificial, aspectos positivos e negativos no nosso dia a dia. Devemos ter o cuidado de ensinar nossas crian\u00e7as, adolescentes e jovens, assim como toda a sociedade a entender como a I.A. funciona e como fazer bom uso dessa tecnologia&#8221;.<\/p>\n\n\n\n<p>O COMJUVE, al\u00e9m de promover a\u00e7\u00f5es como essa, tem como principal objetivo garantir que as pol\u00edticas p\u00fablicas voltadas para a juventude sejam efetivamente implementadas no munic\u00edpio, estimulando a participa\u00e7\u00e3o dos jovens na vida social, pol\u00edtica e econ\u00f4mica da cidade.<\/p>\n","protected":false},"excerpt":{"rendered":"<p>A sexta-feira (22), foi marcada por um evento muito significativo para os jovens de Santa Rosa. Cerca de mil alunos<\/p>\n","protected":false},"author":6,"featured_media":11446,"comment_status":"closed","ping_status":"closed","sticky":false,"template":"","format":"standard","meta":{"footnotes":""},"categories":[4,18],"tags":[],"class_list":["post-11444","post","type-post","status-publish","format-standard","has-post-thumbnail","hentry","category-noticias","category-secretaria-municipal-de-educacao-e-cultura"],"aioseo_notices":[],"_links":{"self":[{"href":"https:\/\/prefeitura.santarosa.rs.gov.br\/index.php?rest_route=\/wp\/v2\/posts\/11444","targetHints":{"allow":["GET"]}}],"collection":[{"href":"https:\/\/prefeitura.santarosa.rs.gov.br\/index.php?rest_route=\/wp\/v2\/posts"}],"about":[{"href":"https:\/\/prefeitura.santarosa.rs.gov.br\/index.php?rest_route=\/wp\/v2\/types\/post"}],"author":[{"embeddable":true,"href":"https:\/\/prefeitura.santarosa.rs.gov.br\/index.php?rest_route=\/wp\/v2\/users\/6"}],"replies":[{"embeddable":true,"href":"https:\/\/prefeitura.santarosa.rs.gov.br\/index.php?rest_route=%2Fwp%2Fv2%2Fcomments&post=11444"}],"version-history":[{"count":1,"href":"https:\/\/prefeitura.santarosa.rs.gov.br\/index.php?rest_route=\/wp\/v2\/posts\/11444\/revisions"}],"predecessor-version":[{"id":11447,"href":"https:\/\/prefeitura.santarosa.rs.gov.br\/index.php?rest_route=\/wp\/v2\/posts\/11444\/revisions\/11447"}],"wp:featuredmedia":[{"embeddable":true,"href":"https:\/\/prefeitura.santarosa.rs.gov.br\/index.php?rest_route=\/wp\/v2\/media\/11446"}],"wp:attachment":[{"href":"https:\/\/prefeitura.santarosa.rs.gov.br\/index.php?rest_route=%2Fwp%2Fv2%2Fmedia&parent=11444"}],"wp:term":[{"taxonomy":"category","embeddable":true,"href":"https:\/\/prefeitura.santarosa.rs.gov.br\/index.php?rest_route=%2Fwp%2Fv2%2Fcategories&post=11444"},{"taxonomy":"post_tag","embeddable":true,"href":"https:\/\/prefeitura.santarosa.rs.gov.br\/index.php?rest_route=%2Fwp%2Fv2%2Ftags&post=11444"}],"curies":[{"name":"wp","href":"https:\/\/api.w.org\/{rel}","templated":true}]}}