{"id":11440,"date":"2024-11-22T16:21:04","date_gmt":"2024-11-22T19:21:04","guid":{"rendered":"https:\/\/prefeitura.santarosa.rs.gov.br\/?p=11440"},"modified":"2024-11-22T16:21:05","modified_gmt":"2024-11-22T19:21:05","slug":"avanca-obra-da-rua-jorge-kunde-no-bairro-central","status":"publish","type":"post","link":"https:\/\/prefeitura.santarosa.rs.gov.br\/?p=11440","title":{"rendered":"<strong>Avan\u00e7a obra da rua Jorge Kunde no bairro Central<\/strong>"},"content":{"rendered":"\n<figure class=\"wp-block-image size-full\"><img fetchpriority=\"high\" decoding=\"async\" width=\"860\" height=\"645\" src=\"https:\/\/prefeitura.santarosa.rs.gov.br\/wp-content\/uploads\/2024\/11\/Formato-Site-e-Portal-860X645-JPG-4-1.jpg\" alt=\"\" class=\"wp-image-11441\" srcset=\"https:\/\/prefeitura.santarosa.rs.gov.br\/wp-content\/uploads\/2024\/11\/Formato-Site-e-Portal-860X645-JPG-4-1.jpg 860w, https:\/\/prefeitura.santarosa.rs.gov.br\/wp-content\/uploads\/2024\/11\/Formato-Site-e-Portal-860X645-JPG-4-1-300x225.jpg 300w, https:\/\/prefeitura.santarosa.rs.gov.br\/wp-content\/uploads\/2024\/11\/Formato-Site-e-Portal-860X645-JPG-4-1-768x576.jpg 768w\" sizes=\"(max-width: 860px) 100vw, 860px\" \/><\/figure>\n\n\n\n<p>A obra de pavimenta\u00e7\u00e3o asf\u00e1ltica da rua Jorge Kunde, no bairro Central, j\u00e1 alcan\u00e7ou 45% de execu\u00e7\u00e3o e segue em ritmo acelerado. Mais de R$ 3 milh\u00f5es est\u00e3o sendo investidos no projeto que contempla uma \u00e1rea de 11.003,74 metros quadrados. As interven\u00e7\u00f5es abrangem o trecho entre a Avenida Am\u00e9rica e a Avenida Perimetral, garantindo acesso facilitado para a Avenida Expedicion\u00e1rio Weber.<\/p>\n\n\n\n<p>Ap\u00f3s a conclus\u00e3o das etapas de terraplanagem, supress\u00e3o vegetal e instala\u00e7\u00e3o da rede de drenagem, as equipes agora finalizam a execu\u00e7\u00e3o da base e sub-base. A pr\u00f3xima fase ser\u00e1 a aplica\u00e7\u00e3o do asfalto. Importante destacar que a rua Jorge Kunde faz continuidade com a rua 10 de Novembro, que em breve tamb\u00e9m ir\u00e1 receber melhorias importantes. As obras auxiliam na mobilidade urbana, beneficiando ainda mais o fluxo de ve\u00edculos e pedestres na regi\u00e3o. A engenheira Caliandra Perini destaca a import\u00e2ncia da obra para a cidade, \u201cA abertura e pavimenta\u00e7\u00e3o da rua Jorge Kunde criam uma conex\u00e3o crucial com a Avenida Am\u00e9rica e tamb\u00e9m fazem parte de um conjunto amplo de melhorias inclu\u00eddas no Plano de Mobilidade Urbana. Ao se integrar com a rua 10 de Novembro na fase seguinte, estabelecer\u00e1 um importante eixo de mobilidade Norte-Sul, facilitando o deslocamento na cidade\u201d.<\/p>\n\n\n\n<p>Al\u00e9m da pavimenta\u00e7\u00e3o asf\u00e1ltica, o projeto da rua Jorge Kunde inclui servi\u00e7os complementares, como meio-fio e sarjetas de concreto, rampas de acessibilidade e a instala\u00e7\u00e3o de sinaliza\u00e7\u00e3o horizontal e vertical.<\/p>\n","protected":false},"excerpt":{"rendered":"<p>A obra de pavimenta\u00e7\u00e3o asf\u00e1ltica da rua Jorge Kunde, no bairro Central, j\u00e1 alcan\u00e7ou 45% de execu\u00e7\u00e3o e segue em<\/p>\n","protected":false},"author":6,"featured_media":11442,"comment_status":"closed","ping_status":"closed","sticky":false,"template":"","format":"standard","meta":{"footnotes":""},"categories":[4,22],"tags":[],"class_list":["post-11440","post","type-post","status-publish","format-standard","has-post-thumbnail","hentry","category-noticias","category-secretaria-municipal-de-planejamento-e-habitacao"],"aioseo_notices":[],"_links":{"self":[{"href":"https:\/\/prefeitura.santarosa.rs.gov.br\/index.php?rest_route=\/wp\/v2\/posts\/11440","targetHints":{"allow":["GET"]}}],"collection":[{"href":"https:\/\/prefeitura.santarosa.rs.gov.br\/index.php?rest_route=\/wp\/v2\/posts"}],"about":[{"href":"https:\/\/prefeitura.santarosa.rs.gov.br\/index.php?rest_route=\/wp\/v2\/types\/post"}],"author":[{"embeddable":true,"href":"https:\/\/prefeitura.santarosa.rs.gov.br\/index.php?rest_route=\/wp\/v2\/users\/6"}],"replies":[{"embeddable":true,"href":"https:\/\/prefeitura.santarosa.rs.gov.br\/index.php?rest_route=%2Fwp%2Fv2%2Fcomments&post=11440"}],"version-history":[{"count":1,"href":"https:\/\/prefeitura.santarosa.rs.gov.br\/index.php?rest_route=\/wp\/v2\/posts\/11440\/revisions"}],"predecessor-version":[{"id":11443,"href":"https:\/\/prefeitura.santarosa.rs.gov.br\/index.php?rest_route=\/wp\/v2\/posts\/11440\/revisions\/11443"}],"wp:featuredmedia":[{"embeddable":true,"href":"https:\/\/prefeitura.santarosa.rs.gov.br\/index.php?rest_route=\/wp\/v2\/media\/11442"}],"wp:attachment":[{"href":"https:\/\/prefeitura.santarosa.rs.gov.br\/index.php?rest_route=%2Fwp%2Fv2%2Fmedia&parent=11440"}],"wp:term":[{"taxonomy":"category","embeddable":true,"href":"https:\/\/prefeitura.santarosa.rs.gov.br\/index.php?rest_route=%2Fwp%2Fv2%2Fcategories&post=11440"},{"taxonomy":"post_tag","embeddable":true,"href":"https:\/\/prefeitura.santarosa.rs.gov.br\/index.php?rest_route=%2Fwp%2Fv2%2Ftags&post=11440"}],"curies":[{"name":"wp","href":"https:\/\/api.w.org\/{rel}","templated":true}]}}