{"id":11432,"date":"2024-11-22T07:54:33","date_gmt":"2024-11-22T10:54:33","guid":{"rendered":"https:\/\/prefeitura.santarosa.rs.gov.br\/?p=11432"},"modified":"2024-11-22T07:54:34","modified_gmt":"2024-11-22T10:54:34","slug":"melhorias-para-o-esporte-em-bela-uniao","status":"publish","type":"post","link":"https:\/\/prefeitura.santarosa.rs.gov.br\/?p=11432","title":{"rendered":"Melhorias para o esporte em Bela Uni\u00e3o"},"content":{"rendered":"\n<figure class=\"wp-block-image size-large\"><img fetchpriority=\"high\" decoding=\"async\" width=\"1024\" height=\"768\" src=\"https:\/\/prefeitura.santarosa.rs.gov.br\/wp-content\/uploads\/2024\/11\/Formato-Site-e-Portal-860X645-JPG-1-1024x768.png\" alt=\"\" class=\"wp-image-11433\" srcset=\"https:\/\/prefeitura.santarosa.rs.gov.br\/wp-content\/uploads\/2024\/11\/Formato-Site-e-Portal-860X645-JPG-1-1024x768.png 1024w, https:\/\/prefeitura.santarosa.rs.gov.br\/wp-content\/uploads\/2024\/11\/Formato-Site-e-Portal-860X645-JPG-1-300x225.png 300w, https:\/\/prefeitura.santarosa.rs.gov.br\/wp-content\/uploads\/2024\/11\/Formato-Site-e-Portal-860X645-JPG-1-768x576.png 768w, https:\/\/prefeitura.santarosa.rs.gov.br\/wp-content\/uploads\/2024\/11\/Formato-Site-e-Portal-860X645-JPG-1-1536x1152.png 1536w, https:\/\/prefeitura.santarosa.rs.gov.br\/wp-content\/uploads\/2024\/11\/Formato-Site-e-Portal-860X645-JPG-1-2048x1536.png 2048w\" sizes=\"(max-width: 1024px) 100vw, 1024px\" \/><\/figure>\n\n\n\n<p>Prefeito assinou ordem de in\u00edcio da constru\u00e7\u00e3o de arquibancadas para o campo de futebol do Esportivo FC<\/p>\n\n\n\n<p>Na tarde desta quinta-feira (21), o prefeito Anderson Mantei assinou a ordem de in\u00edcio da constru\u00e7\u00e3o de arquibancadas para o campo de futebol do Esportivo FC na localidade de Bela Uni\u00e3o. O ato, realizado diretamente do gabinete do prefeito, no Parque de Exposi\u00e7\u00f5es, contou com a presen\u00e7a de representantes da empresa contratada e da comunidade local. Esta ser\u00e1 a primeira etapa da obra que vai proporcionar mais conforto e infraestrutura para os moradores e atletas da regi\u00e3o.<\/p>\n\n\n\n<p>O investimento total para essa etapa \u00e9 de R$ 212.876,21 sendo R$ 150 mil de emenda do senador Luis Carlos Heinze e R$ 62.857 de contrapartida do munic\u00edpio. O projeto contempla a execu\u00e7\u00e3o de 5 lances de arquibancadas (com capacidade para 80 pessoas sentadas), vesti\u00e1rio, banheiro feminino, masculino e PCD, dep\u00f3sito de materiais de limpeza, cozinha e copa. O prefeito destacou a a\u00e7\u00e3o, \u201cEsse \u00e9 mais um investimento realizado para melhorar a infraestrutura dos espa\u00e7os esportivos de Santa Rosa. Nosso objetivo \u00e9 garantir melhores condi\u00e7\u00f5es para os praticantes de esportes e para a comunidade que acompanha as competi\u00e7\u00f5es no munic\u00edpio\u201d.<\/p>\n\n\n\n<p>O projeto arquitet\u00f4nico foi doado para a prefeitura atrav\u00e9s da Associa\u00e7\u00e3o Esportivo Futebol Clube de Bela Uni\u00e3o. O prazo de execu\u00e7\u00e3o da obra \u00e9 de 180 dias, conforme o contrato.<\/p>\n","protected":false},"excerpt":{"rendered":"<p>Prefeito assinou ordem de in\u00edcio da constru\u00e7\u00e3o de arquibancadas para o campo de futebol do Esportivo FC Na tarde desta<\/p>\n","protected":false},"author":6,"featured_media":11434,"comment_status":"closed","ping_status":"closed","sticky":false,"template":"","format":"standard","meta":{"footnotes":""},"categories":[4,22],"tags":[],"class_list":["post-11432","post","type-post","status-publish","format-standard","has-post-thumbnail","hentry","category-noticias","category-secretaria-municipal-de-planejamento-e-habitacao"],"aioseo_notices":[],"_links":{"self":[{"href":"https:\/\/prefeitura.santarosa.rs.gov.br\/index.php?rest_route=\/wp\/v2\/posts\/11432","targetHints":{"allow":["GET"]}}],"collection":[{"href":"https:\/\/prefeitura.santarosa.rs.gov.br\/index.php?rest_route=\/wp\/v2\/posts"}],"about":[{"href":"https:\/\/prefeitura.santarosa.rs.gov.br\/index.php?rest_route=\/wp\/v2\/types\/post"}],"author":[{"embeddable":true,"href":"https:\/\/prefeitura.santarosa.rs.gov.br\/index.php?rest_route=\/wp\/v2\/users\/6"}],"replies":[{"embeddable":true,"href":"https:\/\/prefeitura.santarosa.rs.gov.br\/index.php?rest_route=%2Fwp%2Fv2%2Fcomments&post=11432"}],"version-history":[{"count":1,"href":"https:\/\/prefeitura.santarosa.rs.gov.br\/index.php?rest_route=\/wp\/v2\/posts\/11432\/revisions"}],"predecessor-version":[{"id":11435,"href":"https:\/\/prefeitura.santarosa.rs.gov.br\/index.php?rest_route=\/wp\/v2\/posts\/11432\/revisions\/11435"}],"wp:featuredmedia":[{"embeddable":true,"href":"https:\/\/prefeitura.santarosa.rs.gov.br\/index.php?rest_route=\/wp\/v2\/media\/11434"}],"wp:attachment":[{"href":"https:\/\/prefeitura.santarosa.rs.gov.br\/index.php?rest_route=%2Fwp%2Fv2%2Fmedia&parent=11432"}],"wp:term":[{"taxonomy":"category","embeddable":true,"href":"https:\/\/prefeitura.santarosa.rs.gov.br\/index.php?rest_route=%2Fwp%2Fv2%2Fcategories&post=11432"},{"taxonomy":"post_tag","embeddable":true,"href":"https:\/\/prefeitura.santarosa.rs.gov.br\/index.php?rest_route=%2Fwp%2Fv2%2Ftags&post=11432"}],"curies":[{"name":"wp","href":"https:\/\/api.w.org\/{rel}","templated":true}]}}