{"id":1143,"date":"2021-07-26T15:48:00","date_gmt":"2021-07-26T18:48:00","guid":{"rendered":"https:\/\/prefeitura.santarosa.rs.gov.br\/?p=1143"},"modified":"2024-10-07T09:55:00","modified_gmt":"2024-10-07T12:55:00","slug":"programa-5s-na-prefeitura","status":"publish","type":"post","link":"https:\/\/prefeitura.santarosa.rs.gov.br\/?p=1143","title":{"rendered":"Programa 5S na Prefeitura"},"content":{"rendered":"\n<p>O programa visa conscientizar todos os servidores sobre a import\u00e2ncia de ter as coisas organizadas, padronizadas, espa\u00e7o limpo e seguro.<\/p>\n\n\n\n<p>Os processos de melhorias na Prefeitura s\u00e3o cont\u00ednuos e fazem parte do Planejamento Estrat\u00e9gico que vem sendo implementado pelo Governo desde in\u00edcio do ano. Entre as a\u00e7\u00f5es que est\u00e3o sendo realizadas est\u00e1 o Programa 5Ss. Este \u00e9 um processo de gest\u00e3o de qualidade desenvolvido no Jap\u00e3o que tem como objetivo aperfei\u00e7oar aspectos como organiza\u00e7\u00e3o, limpeza e padroniza\u00e7\u00e3o.<br><br>O primeiro setor que recebeu o treinamento foi o da Alimenta\u00e7\u00e3o Escolar. Tamb\u00e9m foram treinados os multiplicadores de processos de cada secretaria. O programa visa conscientizar todos os servidores sobre a import\u00e2ncia de ter as coisas organizadas, padronizadas, espa\u00e7o limpo e seguro. Com a implementa\u00e7\u00e3o do programa \u00e9 poss\u00edvel ter uma otimiza\u00e7\u00e3o do servi\u00e7o al\u00e9m de qualifica\u00e7\u00e3o do mesmo.<br><br>Segundo o Secret\u00e1rio de Gest\u00e3o Ademir Rosa \u201co objetivo da implementa\u00e7\u00e3o do programa \u00e9 conscientizar todos os servidores dos setores da import\u00e2ncia da qualidade no ambiente de trabalho e na redu\u00e7\u00e3o de desperd\u00edcios. Trata-se de uma filosofia que necessita contar com o comprometimento e participa\u00e7\u00e3o de toda a equipe de trabalho para gerar os resultados esperados. As etapas se complementam, tendo cada uma sua import\u00e2ncia e valor, como sempre vem sendo destacado pelo prefeito Anderson e pelo Aldemir que t\u00eam acompanhado de perto todo processo\u201d.<br><br>O Setor de Alimenta\u00e7\u00e3o Escolar est\u00e1 sendo o piloto nesta fase de implanta\u00e7\u00e3o. A Cl\u00e1udia Dorneles, respons\u00e1vel do setor, avalia como positivo o trabalho, pois assim teve como visualizar in\u00fameras oportunidades de melhorias e percebe tamb\u00e9m o envolvimento da equipe, \u201cEstamos felizes com a evolu\u00e7\u00e3o positiva da implementa\u00e7\u00e3o das melhorias. Estamos melhorando bastante o nosso ambiente de trabalho\u201d. Os resultados s\u00e3o percebidos no setor. O programa deve ser implementado em toda Prefeitura.<\/p>\n","protected":false},"excerpt":{"rendered":"<p>O programa visa conscientizar todos os servidores sobre a import\u00e2ncia de ter as coisas organizadas, padronizadas, espa\u00e7o limpo e seguro.<\/p>\n","protected":false},"author":3,"featured_media":1144,"comment_status":"open","ping_status":"open","sticky":false,"template":"","format":"standard","meta":{"footnotes":""},"categories":[4,23],"tags":[],"class_list":["post-1143","post","type-post","status-publish","format-standard","has-post-thumbnail","hentry","category-noticias","category-secretaria-municipal-governanca-gestao"],"aioseo_notices":[],"_links":{"self":[{"href":"https:\/\/prefeitura.santarosa.rs.gov.br\/index.php?rest_route=\/wp\/v2\/posts\/1143","targetHints":{"allow":["GET"]}}],"collection":[{"href":"https:\/\/prefeitura.santarosa.rs.gov.br\/index.php?rest_route=\/wp\/v2\/posts"}],"about":[{"href":"https:\/\/prefeitura.santarosa.rs.gov.br\/index.php?rest_route=\/wp\/v2\/types\/post"}],"author":[{"embeddable":true,"href":"https:\/\/prefeitura.santarosa.rs.gov.br\/index.php?rest_route=\/wp\/v2\/users\/3"}],"replies":[{"embeddable":true,"href":"https:\/\/prefeitura.santarosa.rs.gov.br\/index.php?rest_route=%2Fwp%2Fv2%2Fcomments&post=1143"}],"version-history":[{"count":1,"href":"https:\/\/prefeitura.santarosa.rs.gov.br\/index.php?rest_route=\/wp\/v2\/posts\/1143\/revisions"}],"predecessor-version":[{"id":1145,"href":"https:\/\/prefeitura.santarosa.rs.gov.br\/index.php?rest_route=\/wp\/v2\/posts\/1143\/revisions\/1145"}],"wp:featuredmedia":[{"embeddable":true,"href":"https:\/\/prefeitura.santarosa.rs.gov.br\/index.php?rest_route=\/wp\/v2\/media\/1144"}],"wp:attachment":[{"href":"https:\/\/prefeitura.santarosa.rs.gov.br\/index.php?rest_route=%2Fwp%2Fv2%2Fmedia&parent=1143"}],"wp:term":[{"taxonomy":"category","embeddable":true,"href":"https:\/\/prefeitura.santarosa.rs.gov.br\/index.php?rest_route=%2Fwp%2Fv2%2Fcategories&post=1143"},{"taxonomy":"post_tag","embeddable":true,"href":"https:\/\/prefeitura.santarosa.rs.gov.br\/index.php?rest_route=%2Fwp%2Fv2%2Ftags&post=1143"}],"curies":[{"name":"wp","href":"https:\/\/api.w.org\/{rel}","templated":true}]}}